{"id":1006,"date":"2023-03-26T16:01:06","date_gmt":"2023-03-26T14:01:06","guid":{"rendered":"https:\/\/kbkzs.pl\/?p=1006"},"modified":"2023-11-28T18:44:40","modified_gmt":"2023-11-28T17:44:40","slug":"walne-zebranie-sprawozdawczo-wyborcze","status":"publish","type":"post","link":"https:\/\/kbkzs.pl\/index.php\/2023\/03\/26\/walne-zebranie-sprawozdawczo-wyborcze\/","title":{"rendered":"24 marca 2023 roku &#8211; Walne zebranie sprawozdawczo &#8211; wyborcze."},"content":{"rendered":"<p style=\"text-align: center;\"><strong>WALNE ZEBRANIE SPRAWOZDAWCZO \u2013 WYBORCZE<\/strong><\/p>\n<p style=\"text-align: center;\"><strong>KONTUSZOWEGO BRACTWA KURKOWEGO <\/strong><strong>ZIEMI \u015aREDZKIEJ<\/strong><\/p>\n<p>Zapraszamy na\u00a0Walne Zebranie Sprawozdawczo-Wyborcze Kontuszowego Bractwa Kurkowego Ziemi \u015aredzkiej, kt\u00f3re odb\u0119dzie si\u0119 w\u00a0dniu <strong><u>24 marca 2023\u00a0r. o\u00a0godzinie 17.00 w Lokalu Gastronomicznym u R\u00f3\u017cy w \u015arodzie Wielkopolskiej, ul. Aleksandra Kami\u0144skiego 1 (przy ul. Nekielskiej)<\/u><\/strong><\/p>\n<p><u>Porz\u0105dek obrad Walnego Zebrania:<\/u><\/p>\n<ol>\n<li>Otwarcie obrad przez\u00a0Starszego Bractwa.<\/li>\n<li>Stwierdzenie kworum.<\/li>\n<li>Wyb\u00f3r przewodnicz\u0105cego, protokolanta, cz\u0142onk\u00f3w Komisji Skrutacyjnej oraz Komisji Uchwa\u0142 i\u00a0Wniosk\u00f3w Walnego Zebrania Bractwa.<\/li>\n<li>Stwierdzenie prawid\u0142owo\u015bci zwo\u0142ania Walnego Zebrania Bractwa \u00a0i\u00a0jego zdolno\u015bci do\u00a0podejmowania prawomocnych uchwa\u0142.<\/li>\n<li>Zapoznanie zebranych z\u00a0porz\u0105dkiem obrad i\u00a0przeprowadzenie glosowania w\u00a0sprawie jego przyj\u0119cia.<\/li>\n<li>Przedstawienie przez\u00a0zarz\u0105d sprawozdania z\u00a0dzia\u0142alno\u015bci Bractwa i\u00a0Zarz\u0105du za\u00a0rok 2022.<\/li>\n<li>Glosowanie nad\u00a0przyj\u0119ciem sprawozdania z\u00a0dzia\u0142alno\u015bci Bractwa i\u00a0Zarz\u0105du.<\/li>\n<li>Przedstawienie sprawozdania z\u00a0pracy Komisji Rewizyjnej i\u00a0wniosku o udzielenie absolutorium ust\u0119puj\u0105cemu Zarz\u0105dowi.<\/li>\n<li>G\u0142osowanie nad\u00a0przyj\u0119ciem sprawozdania Komisji Rewizyjnej.<\/li>\n<li>Sprawozdanie Komisji Strzeleckiej.<\/li>\n<li>G\u0142osowanie nad przyj\u0119ciem sprawozdania Komisji Strzeleckiej.<\/li>\n<li>Sprawozdanie Sadu Honorowego.<\/li>\n<li>G\u0142osowanie nad przyj\u0119ciem sprawozdania Sadu Honorowego.<\/li>\n<li>G\u0142osowanie nad udzieleniem absolutorium ust\u0119puj\u0105cym cz\u0142onkom Zarz\u0105du oraz Komisji Rewizyjnej.<\/li>\n<li>Przypomnienie zasad wyboru w\u0142adz.<\/li>\n<li>Wybory do\u00a0w\u0142adz Stowarzyszenia:<\/li>\n<\/ol>\n<p>&#8211; wybory Starszego Bractwa,<\/p>\n<p>&#8211; wyb\u00f3r Podstarszego Bractwa<\/p>\n<p>&#8211; wyb\u00f3r pozosta\u0142ych cz\u0142onk\u00f3w Zarz\u0105du (5 os\u00f3b),<\/p>\n<p>&#8211; wyb\u00f3r cz\u0142onk\u00f3w Komisji Rewizyjnej (3 osoby),<\/p>\n<p>&#8211; wyb\u00f3r cz\u0142onk\u00f3w Komisji Strzeleckiej (3 osoby)<\/p>\n<p>17. Wolne wnioski<\/p>\n<p>18. Zamkni\u0119cie Walnego Zebrania Sprawozdawczo -Wyborczego Kontuszowego\u00a0 Bractwa Kurkowego Ziemi \u015aredzkiej<\/p>\n<p>W zwi\u0105zku z wag\u0105 temat\u00f3w podejmowanych\u00a0 na Walnym Zebraniu Sprawozdawczo &#8211; Wyborczym bardzo liczymy na udzia\u0142 Si\u00f3str i Braci w zebraniu.<\/p>\n<p>ZARZ\u0104D BRACTWA<\/p>\n","protected":false},"excerpt":{"rendered":"<p>WALNE ZEBRANIE SPRAWOZDAWCZO \u2013 WYBORCZE KONTUSZOWEGO BRACTWA KURKOWEGO ZIEMI \u015aREDZKIEJ Zapraszamy na\u00a0Walne Zebranie Sprawozdawczo-Wyborcze Kontuszowego Bractwa Kurkowego Ziemi \u015aredzkiej, kt\u00f3re odb\u0119dzie si\u0119 w\u00a0dniu 24 marca 2023\u00a0r. o\u00a0godzinie 17.00 w Lokalu Gastronomicznym u R\u00f3\u017cy w \u015arodzie Wielkopolskiej, ul. Aleksandra Kami\u0144skiego 1 (przy ul. Nekielskiej) Porz\u0105dek obrad Walnego Zebrania: Otwarcie obrad przez\u00a0Starszego Bractwa. Stwierdzenie kworum. Wyb\u00f3r przewodnicz\u0105cego, [&hellip;]<\/p>\n","protected":false},"author":3,"featured_media":0,"comment_status":"closed","ping_status":"closed","sticky":false,"template":"","format":"standard","meta":{"_et_pb_use_builder":"","_et_pb_old_content":"","_et_gb_content_width":"","footnotes":""},"categories":[4],"tags":[],"class_list":["post-1006","post","type-post","status-publish","format-standard","hentry","category-aktualnosci"],"_links":{"self":[{"href":"https:\/\/kbkzs.pl\/index.php\/wp-json\/wp\/v2\/posts\/1006","targetHints":{"allow":["GET"]}}],"collection":[{"href":"https:\/\/kbkzs.pl\/index.php\/wp-json\/wp\/v2\/posts"}],"about":[{"href":"https:\/\/kbkzs.pl\/index.php\/wp-json\/wp\/v2\/types\/post"}],"author":[{"embeddable":true,"href":"https:\/\/kbkzs.pl\/index.php\/wp-json\/wp\/v2\/users\/3"}],"replies":[{"embeddable":true,"href":"https:\/\/kbkzs.pl\/index.php\/wp-json\/wp\/v2\/comments?post=1006"}],"version-history":[{"count":3,"href":"https:\/\/kbkzs.pl\/index.php\/wp-json\/wp\/v2\/posts\/1006\/revisions"}],"predecessor-version":[{"id":1087,"href":"https:\/\/kbkzs.pl\/index.php\/wp-json\/wp\/v2\/posts\/1006\/revisions\/1087"}],"wp:attachment":[{"href":"https:\/\/kbkzs.pl\/index.php\/wp-json\/wp\/v2\/media?parent=1006"}],"wp:term":[{"taxonomy":"category","embeddable":true,"href":"https:\/\/kbkzs.pl\/index.php\/wp-json\/wp\/v2\/categories?post=1006"},{"taxonomy":"post_tag","embeddable":true,"href":"https:\/\/kbkzs.pl\/index.php\/wp-json\/wp\/v2\/tags?post=1006"}],"curies":[{"name":"wp","href":"https:\/\/api.w.org\/{rel}","templated":true}]}}