{"id":1089,"date":"2023-04-11T18:47:48","date_gmt":"2023-04-11T16:47:48","guid":{"rendered":"https:\/\/kbkzs.pl\/?p=1089"},"modified":"2023-11-28T18:51:03","modified_gmt":"2023-11-28T17:51:03","slug":"8-kwietnia-2023-roku-wigilia-liturgii-paschalnej","status":"publish","type":"post","link":"https:\/\/kbkzs.pl\/index.php\/2023\/04\/11\/8-kwietnia-2023-roku-wigilia-liturgii-paschalnej\/","title":{"rendered":"8 kwietnia 2023 roku &#8211; Wigilia Liturgii Paschalnej"},"content":{"rendered":"<p style=\"text-align: center;\"><strong>Liturgia Wigilii Paschalnej<\/strong><\/p>\n<p>W dniu 8 kwietnia 2023 roku przedstawiciele Naszego Bractwa wzi\u0119li udzia\u0142 w Liturgii Wigilii Paschalnej w parafii pod wezwaniem \u015bw. Micha\u0142a Archanio\u0142a w Winnej G\u00f3rze. Liturgii przewodniczy\u0142 ks. Tomasz Kubacki kapelan Kontuszowego Bractwa Kurkowego Ziemi \u015aredzkiej.<\/p>\n<p>Podczas liturgii nast\u0105pi\u0142o odnowienie przyrzecze\u0144 chrzcielnych. Bracia aktywnie uczestniczyli w tej uroczysto\u015bci poprzez s\u0142u\u017cb\u0119 przy o\u0142tarzu, \u015bpiew psalm\u00f3w i udzia\u0142 w liturgii s\u0142owa.<\/p>\n<p><img loading=\"lazy\" decoding=\"async\" class=\"alignnone size-medium wp-image-1092\" src=\"https:\/\/kbkzs.pl\/wp-content\/uploads\/2023\/11\/IMG-20230408-WA0004-300x225.jpg\" alt=\"\" width=\"300\" height=\"225\" \/><\/p>\n","protected":false},"excerpt":{"rendered":"<p>Liturgia Wigilii Paschalnej W dniu 8 kwietnia 2023 roku przedstawiciele Naszego Bractwa wzi\u0119li udzia\u0142 w Liturgii Wigilii Paschalnej w parafii pod wezwaniem \u015bw. Micha\u0142a Archanio\u0142a w Winnej G\u00f3rze. Liturgii przewodniczy\u0142 ks. Tomasz Kubacki kapelan Kontuszowego Bractwa Kurkowego Ziemi \u015aredzkiej. Podczas liturgii nast\u0105pi\u0142o odnowienie przyrzecze\u0144 chrzcielnych. Bracia aktywnie uczestniczyli w tej uroczysto\u015bci poprzez s\u0142u\u017cb\u0119 przy o\u0142tarzu, [&hellip;]<\/p>\n","protected":false},"author":3,"featured_media":0,"comment_status":"closed","ping_status":"closed","sticky":false,"template":"","format":"standard","meta":{"_et_pb_use_builder":"","_et_pb_old_content":"","_et_gb_content_width":"","footnotes":""},"categories":[4],"tags":[],"class_list":["post-1089","post","type-post","status-publish","format-standard","hentry","category-aktualnosci"],"_links":{"self":[{"href":"https:\/\/kbkzs.pl\/index.php\/wp-json\/wp\/v2\/posts\/1089","targetHints":{"allow":["GET"]}}],"collection":[{"href":"https:\/\/kbkzs.pl\/index.php\/wp-json\/wp\/v2\/posts"}],"about":[{"href":"https:\/\/kbkzs.pl\/index.php\/wp-json\/wp\/v2\/types\/post"}],"author":[{"embeddable":true,"href":"https:\/\/kbkzs.pl\/index.php\/wp-json\/wp\/v2\/users\/3"}],"replies":[{"embeddable":true,"href":"https:\/\/kbkzs.pl\/index.php\/wp-json\/wp\/v2\/comments?post=1089"}],"version-history":[{"count":3,"href":"https:\/\/kbkzs.pl\/index.php\/wp-json\/wp\/v2\/posts\/1089\/revisions"}],"predecessor-version":[{"id":1093,"href":"https:\/\/kbkzs.pl\/index.php\/wp-json\/wp\/v2\/posts\/1089\/revisions\/1093"}],"wp:attachment":[{"href":"https:\/\/kbkzs.pl\/index.php\/wp-json\/wp\/v2\/media?parent=1089"}],"wp:term":[{"taxonomy":"category","embeddable":true,"href":"https:\/\/kbkzs.pl\/index.php\/wp-json\/wp\/v2\/categories?post=1089"},{"taxonomy":"post_tag","embeddable":true,"href":"https:\/\/kbkzs.pl\/index.php\/wp-json\/wp\/v2\/tags?post=1089"}],"curies":[{"name":"wp","href":"https:\/\/api.w.org\/{rel}","templated":true}]}}