{"id":1164,"date":"2023-08-28T17:29:39","date_gmt":"2023-08-28T15:29:39","guid":{"rendered":"https:\/\/kbkzs.pl\/?p=1164"},"modified":"2023-11-30T18:19:47","modified_gmt":"2023-11-30T17:19:47","slug":"27-sierpnia-2023-roku-ingres-krolowej-i-krola-ad-2023","status":"publish","type":"post","link":"https:\/\/kbkzs.pl\/index.php\/2023\/08\/28\/27-sierpnia-2023-roku-ingres-krolowej-i-krola-ad-2023\/","title":{"rendered":"27 sierpnia 2023 roku &#8211; Ingres Kr\u00f3lowej i Kr\u00f3la AD 2023"},"content":{"rendered":"<p style=\"text-align: center;\"><strong>INGRES KR\u00d3LOWEJ I KR\u00d3LA AD 2023<\/strong><\/p>\n<p>W niedziel\u0119\u00a0 27 sierpnia 2023 o godz. 11,00 podczas Mszy \u015aw. w Ko\u015bciele \u015bw. Micha\u0142a Archanio\u0142a w Winnej G\u00f3rze odby\u0142a si\u0119 uroczysto\u015b\u0107 Intronizacji Kr\u00f3la Kurkowego AD 2023 Kontuszowego Bractwa Kurkowego Ziemi \u015aredzkiej. W trakcie Mszy \u015awi\u0119tej kapelan Bractwa ks. proboszcz Tomasz Kubacki pob\u0142ogos\u0142awi\u0142 insygnia kr\u00f3lewskie nast\u0119pnie \u00a0wraz\u00a0 z kr\u00f3low\u0105 AD 2022 Dorot\u0105 Jackowiak Szarolet\u0105 i kr\u00f3lem AD 2022 Rafa\u0142em Eichlerem wr\u0119czyli kr\u00f3lowej AD 2023 Milenie St\u0119pniak Lis i kr\u00f3lowi AD 2023 Andrzejowi Szczepaniakowi \u0142a\u0144cuchy kr\u00f3lewskie. Insygnia wr\u0119czono tak\u017ce pierwszej Damie Natalii Kruszwickiej i pierwszemu rycerzowi W\u0142odzimierzowi Szarolecie oraz drugiej Damie Joannie Myszak i drugiemu rycerzowi Krzysztofowi Zieli\u0144skiemu. Po zako\u0144czeniu Mszy \u015aw. przed ko\u015bcio\u0142em zrobiono pami\u0105tkowe zdj\u0119cie, a nast\u0119pnie wszyscy Bracia oraz zaproszeni go\u015bcie udali si\u0119 na raut kr\u00f3lewski do restauracji \u201eWiede\u0144ska\u201d w \u015arodzie Wielkopolskiej.<\/p>\n<p><img loading=\"lazy\" decoding=\"async\" class=\"alignnone size-medium wp-image-1218\" src=\"https:\/\/kbkzs.pl\/wp-content\/uploads\/2023\/11\/1694769657754-1-300x139.jpg\" alt=\"\" width=\"300\" height=\"139\" \/> Wi\u0119cej zdj\u0119\u0107 w galerii.<\/p>\n","protected":false},"excerpt":{"rendered":"<p>INGRES KR\u00d3LOWEJ I KR\u00d3LA AD 2023 W niedziel\u0119\u00a0 27 sierpnia 2023 o godz. 11,00 podczas Mszy \u015aw. w Ko\u015bciele \u015bw. Micha\u0142a Archanio\u0142a w Winnej G\u00f3rze odby\u0142a si\u0119 uroczysto\u015b\u0107 Intronizacji Kr\u00f3la Kurkowego AD 2023 Kontuszowego Bractwa Kurkowego Ziemi \u015aredzkiej. W trakcie Mszy \u015awi\u0119tej kapelan Bractwa ks. proboszcz Tomasz Kubacki pob\u0142ogos\u0142awi\u0142 insygnia kr\u00f3lewskie nast\u0119pnie \u00a0wraz\u00a0 z kr\u00f3low\u0105 [&hellip;]<\/p>\n","protected":false},"author":3,"featured_media":0,"comment_status":"closed","ping_status":"closed","sticky":false,"template":"","format":"standard","meta":{"_et_pb_use_builder":"","_et_pb_old_content":"","_et_gb_content_width":"","footnotes":""},"categories":[4],"tags":[],"class_list":["post-1164","post","type-post","status-publish","format-standard","hentry","category-aktualnosci"],"_links":{"self":[{"href":"https:\/\/kbkzs.pl\/index.php\/wp-json\/wp\/v2\/posts\/1164","targetHints":{"allow":["GET"]}}],"collection":[{"href":"https:\/\/kbkzs.pl\/index.php\/wp-json\/wp\/v2\/posts"}],"about":[{"href":"https:\/\/kbkzs.pl\/index.php\/wp-json\/wp\/v2\/types\/post"}],"author":[{"embeddable":true,"href":"https:\/\/kbkzs.pl\/index.php\/wp-json\/wp\/v2\/users\/3"}],"replies":[{"embeddable":true,"href":"https:\/\/kbkzs.pl\/index.php\/wp-json\/wp\/v2\/comments?post=1164"}],"version-history":[{"count":3,"href":"https:\/\/kbkzs.pl\/index.php\/wp-json\/wp\/v2\/posts\/1164\/revisions"}],"predecessor-version":[{"id":1221,"href":"https:\/\/kbkzs.pl\/index.php\/wp-json\/wp\/v2\/posts\/1164\/revisions\/1221"}],"wp:attachment":[{"href":"https:\/\/kbkzs.pl\/index.php\/wp-json\/wp\/v2\/media?parent=1164"}],"wp:term":[{"taxonomy":"category","embeddable":true,"href":"https:\/\/kbkzs.pl\/index.php\/wp-json\/wp\/v2\/categories?post=1164"},{"taxonomy":"post_tag","embeddable":true,"href":"https:\/\/kbkzs.pl\/index.php\/wp-json\/wp\/v2\/tags?post=1164"}],"curies":[{"name":"wp","href":"https:\/\/api.w.org\/{rel}","templated":true}]}}