{"id":1238,"date":"2023-11-12T16:24:10","date_gmt":"2023-11-12T15:24:10","guid":{"rendered":"https:\/\/kbkzs.pl\/?p=1238"},"modified":"2023-12-01T16:24:57","modified_gmt":"2023-12-01T15:24:57","slug":"11-listopada-2023-roku-swieto-niepodleglosci","status":"publish","type":"post","link":"https:\/\/kbkzs.pl\/index.php\/2023\/11\/12\/11-listopada-2023-roku-swieto-niepodleglosci\/","title":{"rendered":"11 listopada 2023 roku &#8211; \u015awi\u0119to Niepodleg\u0142o\u015bci"},"content":{"rendered":"<p style=\"text-align: center;\"><strong>\u015aWI\u0118TO NIEPODLEG\u0141O\u015aCI<\/strong><\/p>\n<p>W dniu 11 listopada 2023 roku wzi\u0119li\u015bmy udzia\u0142 w obchodach \u015awi\u0119ta Niepodleg\u0142o\u015bci. Uroczysto\u015bci rozpocz\u0119\u0142y si\u0119 Msz\u0105 \u015awi\u0119t\u0105 w Bazylice kolegiackiej Wniebowzi\u0119cia Naj\u015bwi\u0119tszej Maryi Panny, kt\u00f3r\u0105 odprawi\u0142 \u00a0ks. kanonik Janusz \u015amigiel proboszcz Parafii Kolegiackiej w koncelebrze ks. Micha\u0142a Szremskiego, kt\u00f3ry wyg\u0142osi\u0142 S\u0142owo Bo\u017ce. Nast\u0119pnie uczestniczy przemaszerowali pod pomnik gen. Jana Henryka D\u0105browskiego, gdzie przem\u00f3wienie wyg\u0142osi\u0142\u00a0 Burmistrz Miasta \u015aroda Wielkopolska Pan Piotr Mieloch. Kr\u00f3tk\u0105 wi\u0105zank\u0119 pie\u015bni patriotycznych za\u015bpiewa\u0142 ch\u00f3r \u201eNa G\u0142osy\u201d przy akompaniamencie Orkiestry D\u0119tej ze \u015arody Wielkopolskiej.\u00a0 Nast\u0119pnie licznie przyby\u0142e delegacje z\u0142o\u017cy\u0142y \u00a0wi\u0105zanki kwiat\u00f3w pod pomnikiem.<\/p>\n<p><img loading=\"lazy\" decoding=\"async\" class=\"alignnone size-medium wp-image-1234\" src=\"https:\/\/kbkzs.pl\/wp-content\/uploads\/2023\/12\/1699978901448-300x225.jpg\" alt=\"\" width=\"300\" height=\"225\" \/> Wi\u0119cej zdj\u0119\u0107 w galerii.<\/p>\n","protected":false},"excerpt":{"rendered":"<p>\u015aWI\u0118TO NIEPODLEG\u0141O\u015aCI W dniu 11 listopada 2023 roku wzi\u0119li\u015bmy udzia\u0142 w obchodach \u015awi\u0119ta Niepodleg\u0142o\u015bci. Uroczysto\u015bci rozpocz\u0119\u0142y si\u0119 Msz\u0105 \u015awi\u0119t\u0105 w Bazylice kolegiackiej Wniebowzi\u0119cia Naj\u015bwi\u0119tszej Maryi Panny, kt\u00f3r\u0105 odprawi\u0142 \u00a0ks. kanonik Janusz \u015amigiel proboszcz Parafii Kolegiackiej w koncelebrze ks. Micha\u0142a Szremskiego, kt\u00f3ry wyg\u0142osi\u0142 S\u0142owo Bo\u017ce. Nast\u0119pnie uczestniczy przemaszerowali pod pomnik gen. Jana Henryka D\u0105browskiego, gdzie przem\u00f3wienie [&hellip;]<\/p>\n","protected":false},"author":3,"featured_media":0,"comment_status":"closed","ping_status":"closed","sticky":false,"template":"","format":"standard","meta":{"_et_pb_use_builder":"","_et_pb_old_content":"","_et_gb_content_width":"","footnotes":""},"categories":[4],"tags":[],"class_list":["post-1238","post","type-post","status-publish","format-standard","hentry","category-aktualnosci"],"_links":{"self":[{"href":"https:\/\/kbkzs.pl\/index.php\/wp-json\/wp\/v2\/posts\/1238","targetHints":{"allow":["GET"]}}],"collection":[{"href":"https:\/\/kbkzs.pl\/index.php\/wp-json\/wp\/v2\/posts"}],"about":[{"href":"https:\/\/kbkzs.pl\/index.php\/wp-json\/wp\/v2\/types\/post"}],"author":[{"embeddable":true,"href":"https:\/\/kbkzs.pl\/index.php\/wp-json\/wp\/v2\/users\/3"}],"replies":[{"embeddable":true,"href":"https:\/\/kbkzs.pl\/index.php\/wp-json\/wp\/v2\/comments?post=1238"}],"version-history":[{"count":1,"href":"https:\/\/kbkzs.pl\/index.php\/wp-json\/wp\/v2\/posts\/1238\/revisions"}],"predecessor-version":[{"id":1239,"href":"https:\/\/kbkzs.pl\/index.php\/wp-json\/wp\/v2\/posts\/1238\/revisions\/1239"}],"wp:attachment":[{"href":"https:\/\/kbkzs.pl\/index.php\/wp-json\/wp\/v2\/media?parent=1238"}],"wp:term":[{"taxonomy":"category","embeddable":true,"href":"https:\/\/kbkzs.pl\/index.php\/wp-json\/wp\/v2\/categories?post=1238"},{"taxonomy":"post_tag","embeddable":true,"href":"https:\/\/kbkzs.pl\/index.php\/wp-json\/wp\/v2\/tags?post=1238"}],"curies":[{"name":"wp","href":"https:\/\/api.w.org\/{rel}","templated":true}]}}