{"id":1260,"date":"2023-09-04T14:21:18","date_gmt":"2023-09-04T12:21:18","guid":{"rendered":"https:\/\/kbkzs.pl\/?p=1260"},"modified":"2023-12-02T14:22:07","modified_gmt":"2023-12-02T13:22:07","slug":"2-wrzesnia-2023-roku-dozynki-gminne-w-macznikach","status":"publish","type":"post","link":"https:\/\/kbkzs.pl\/index.php\/2023\/09\/04\/2-wrzesnia-2023-roku-dozynki-gminne-w-macznikach\/","title":{"rendered":"2 wrze\u015bnia 2023 roku &#8211; Do\u017cynki Gminne w M\u0105cznikach"},"content":{"rendered":"<p style=\"text-align: center;\"><strong>DO\u017bYNKI GMINNE<\/strong><\/p>\n<p>W dniu 2 wrze\u015bnia 2023 roku wzi\u0119li\u015bmy udzia\u0142 w Do\u017cynkach Gminnych, kt\u00f3re w tym roku odby\u0142y si\u0119 w miejscowo\u015bci M\u0105czniki. Uroczysto\u015bci rozpocz\u0105\u0142 korow\u00f3d do\u017cynkowy spod ko\u015bcio\u0142a pw. \u015awi\u0119tego Wawrzy\u0144ca na miejsce, w kt\u00f3rym odprawiona zosta\u0142a Msza \u015awi\u0119ta Do\u017cynkowa. Po Mszy \u015awi\u0119tej odby\u0142 si\u0119 obrz\u0119d do\u017cynkowy, a nast\u0119pnie cz\u0119\u015b\u0107 artystyczna. Ca\u0142\u0105 uroczysto\u015b\u0107 zako\u0144czy\u0142a zabawa taneczna.<\/p>\n<p><img loading=\"lazy\" decoding=\"async\" class=\"alignnone wp-image-1261\" src=\"https:\/\/kbkzs.pl\/wp-content\/uploads\/2023\/12\/1694768992223-300x225.jpg\" alt=\"\" width=\"239\" height=\"179\" \/> <img loading=\"lazy\" decoding=\"async\" class=\"alignnone wp-image-1262\" src=\"https:\/\/kbkzs.pl\/wp-content\/uploads\/2023\/12\/1694768992226-300x225.jpg\" alt=\"\" width=\"237\" height=\"178\" \/><\/p>\n<p>&nbsp;<\/p>\n","protected":false},"excerpt":{"rendered":"<p>DO\u017bYNKI GMINNE W dniu 2 wrze\u015bnia 2023 roku wzi\u0119li\u015bmy udzia\u0142 w Do\u017cynkach Gminnych, kt\u00f3re w tym roku odby\u0142y si\u0119 w miejscowo\u015bci M\u0105czniki. Uroczysto\u015bci rozpocz\u0105\u0142 korow\u00f3d do\u017cynkowy spod ko\u015bcio\u0142a pw. \u015awi\u0119tego Wawrzy\u0144ca na miejsce, w kt\u00f3rym odprawiona zosta\u0142a Msza \u015awi\u0119ta Do\u017cynkowa. Po Mszy \u015awi\u0119tej odby\u0142 si\u0119 obrz\u0119d do\u017cynkowy, a nast\u0119pnie cz\u0119\u015b\u0107 artystyczna. Ca\u0142\u0105 uroczysto\u015b\u0107 zako\u0144czy\u0142a zabawa [&hellip;]<\/p>\n","protected":false},"author":3,"featured_media":0,"comment_status":"closed","ping_status":"closed","sticky":false,"template":"","format":"standard","meta":{"_et_pb_use_builder":"","_et_pb_old_content":"","_et_gb_content_width":"","footnotes":""},"categories":[4],"tags":[],"class_list":["post-1260","post","type-post","status-publish","format-standard","hentry","category-aktualnosci"],"_links":{"self":[{"href":"https:\/\/kbkzs.pl\/index.php\/wp-json\/wp\/v2\/posts\/1260","targetHints":{"allow":["GET"]}}],"collection":[{"href":"https:\/\/kbkzs.pl\/index.php\/wp-json\/wp\/v2\/posts"}],"about":[{"href":"https:\/\/kbkzs.pl\/index.php\/wp-json\/wp\/v2\/types\/post"}],"author":[{"embeddable":true,"href":"https:\/\/kbkzs.pl\/index.php\/wp-json\/wp\/v2\/users\/3"}],"replies":[{"embeddable":true,"href":"https:\/\/kbkzs.pl\/index.php\/wp-json\/wp\/v2\/comments?post=1260"}],"version-history":[{"count":1,"href":"https:\/\/kbkzs.pl\/index.php\/wp-json\/wp\/v2\/posts\/1260\/revisions"}],"predecessor-version":[{"id":1263,"href":"https:\/\/kbkzs.pl\/index.php\/wp-json\/wp\/v2\/posts\/1260\/revisions\/1263"}],"wp:attachment":[{"href":"https:\/\/kbkzs.pl\/index.php\/wp-json\/wp\/v2\/media?parent=1260"}],"wp:term":[{"taxonomy":"category","embeddable":true,"href":"https:\/\/kbkzs.pl\/index.php\/wp-json\/wp\/v2\/categories?post=1260"},{"taxonomy":"post_tag","embeddable":true,"href":"https:\/\/kbkzs.pl\/index.php\/wp-json\/wp\/v2\/tags?post=1260"}],"curies":[{"name":"wp","href":"https:\/\/api.w.org\/{rel}","templated":true}]}}