{"id":1264,"date":"2023-08-16T14:48:04","date_gmt":"2023-08-16T12:48:04","guid":{"rendered":"https:\/\/kbkzs.pl\/?p=1264"},"modified":"2023-12-02T14:56:33","modified_gmt":"2023-12-02T13:56:33","slug":"15-sierpnia-2023-roku-rocznica-cudu-nad-wisla","status":"publish","type":"post","link":"https:\/\/kbkzs.pl\/index.php\/2023\/08\/16\/15-sierpnia-2023-roku-rocznica-cudu-nad-wisla\/","title":{"rendered":"15 sierpnia 2023 roku &#8211; Rocznica &#8222;Cudu nad Wis\u0142\u0105&#8221;"},"content":{"rendered":"<p style=\"text-align: center;\"><strong>103 rocznica \u201eCudu nad Wis\u0142\u0105\u201d<\/strong><\/p>\n<p>15 sierpnia na zaproszenie Burmistrza Miasta \u015aroda Wielkopolska Piotra Mielocha i Prezesa\u00a0 Zarz\u0105du Wojew\u00f3dzkiego PSL Andrzeja Grzyba uczestniczyli\u015bmy w obchodach rocznicy \u201eCudu nad Wis\u0142\u0105\u201d. Po Mszy \u015awi\u0119tej w Bazylice kolumn\u0105 marszow\u0105 z orkiestr\u0105 d\u0119t\u0105 przemaszerowali\u015bmy pod pomnik Powsta\u0144c\u00f3w Wielkopolskich w \u015arodzie Wielkopolskiej. Po przem\u00f3wieniach Pos\u0142a na Selm Rzeczypospolitej Polskiej Andrzeja Grzyba i Burmistrza Miasta z\u0142o\u017cono wi\u0105zanki kwiat\u00f3w pod pomnikiem.<\/p>\n<p><img loading=\"lazy\" decoding=\"async\" class=\"alignnone size-medium wp-image-1276\" src=\"https:\/\/kbkzs.pl\/wp-content\/uploads\/2023\/12\/1694795867899-300x169.jpg\" alt=\"\" width=\"300\" height=\"169\" \/> Wi\u0119cej zdj\u0119\u0107 w galerii.<\/p>\n","protected":false},"excerpt":{"rendered":"<p>103 rocznica \u201eCudu nad Wis\u0142\u0105\u201d 15 sierpnia na zaproszenie Burmistrza Miasta \u015aroda Wielkopolska Piotra Mielocha i Prezesa\u00a0 Zarz\u0105du Wojew\u00f3dzkiego PSL Andrzeja Grzyba uczestniczyli\u015bmy w obchodach rocznicy \u201eCudu nad Wis\u0142\u0105\u201d. Po Mszy \u015awi\u0119tej w Bazylice kolumn\u0105 marszow\u0105 z orkiestr\u0105 d\u0119t\u0105 przemaszerowali\u015bmy pod pomnik Powsta\u0144c\u00f3w Wielkopolskich w \u015arodzie Wielkopolskiej. Po przem\u00f3wieniach Pos\u0142a na Selm Rzeczypospolitej Polskiej Andrzeja [&hellip;]<\/p>\n","protected":false},"author":3,"featured_media":0,"comment_status":"closed","ping_status":"closed","sticky":false,"template":"","format":"standard","meta":{"_et_pb_use_builder":"","_et_pb_old_content":"","_et_gb_content_width":"","footnotes":""},"categories":[4],"tags":[],"class_list":["post-1264","post","type-post","status-publish","format-standard","hentry","category-aktualnosci"],"_links":{"self":[{"href":"https:\/\/kbkzs.pl\/index.php\/wp-json\/wp\/v2\/posts\/1264","targetHints":{"allow":["GET"]}}],"collection":[{"href":"https:\/\/kbkzs.pl\/index.php\/wp-json\/wp\/v2\/posts"}],"about":[{"href":"https:\/\/kbkzs.pl\/index.php\/wp-json\/wp\/v2\/types\/post"}],"author":[{"embeddable":true,"href":"https:\/\/kbkzs.pl\/index.php\/wp-json\/wp\/v2\/users\/3"}],"replies":[{"embeddable":true,"href":"https:\/\/kbkzs.pl\/index.php\/wp-json\/wp\/v2\/comments?post=1264"}],"version-history":[{"count":3,"href":"https:\/\/kbkzs.pl\/index.php\/wp-json\/wp\/v2\/posts\/1264\/revisions"}],"predecessor-version":[{"id":1284,"href":"https:\/\/kbkzs.pl\/index.php\/wp-json\/wp\/v2\/posts\/1264\/revisions\/1284"}],"wp:attachment":[{"href":"https:\/\/kbkzs.pl\/index.php\/wp-json\/wp\/v2\/media?parent=1264"}],"wp:term":[{"taxonomy":"category","embeddable":true,"href":"https:\/\/kbkzs.pl\/index.php\/wp-json\/wp\/v2\/categories?post=1264"},{"taxonomy":"post_tag","embeddable":true,"href":"https:\/\/kbkzs.pl\/index.php\/wp-json\/wp\/v2\/tags?post=1264"}],"curies":[{"name":"wp","href":"https:\/\/api.w.org\/{rel}","templated":true}]}}