{"id":1360,"date":"2023-12-18T18:09:43","date_gmt":"2023-12-18T17:09:43","guid":{"rendered":"https:\/\/kbkzs.pl\/?p=1360"},"modified":"2024-01-23T16:33:50","modified_gmt":"2024-01-23T15:33:50","slug":"16-grudnia-2023-roku-spotkanie-oplatkowe","status":"publish","type":"post","link":"https:\/\/kbkzs.pl\/index.php\/2023\/12\/18\/16-grudnia-2023-roku-spotkanie-oplatkowe\/","title":{"rendered":"16 grudnia 2023 roku &#8211; Spotkanie op\u0142atkowe."},"content":{"rendered":"<p style=\"text-align: center;\"><strong>SPOTKANIE OP\u0141ATKOWE<\/strong><\/p>\n<p>Tradycyjne Spotkanie Op\u0142atkowe poprzedzone zosta\u0142o Msz\u0105 \u015awi\u0119t\u0105 w intencji zmar\u0142ego naszego Brata Romana Koniecznego w Ko\u015bciele\u00a0 \u015bw. Andrzeja Boboli w Dominowie o godz.18,00, kt\u00f3r\u0105 odprawi\u0142\u00a0 ks. Zbigniew Nowaczewski, proboszcz parafii Giecz i Grodziszczko. Na zako\u0144czenie Eucharystii kanclerz Bractwa \u00a0Kontynuacja spotkania odby\u0142a si\u0119 w Gminnym O\u015brodku Kultury. Na wst\u0119pnie g\u0142os zabra\u0142 Starszy Bractwa Marian Olejniczak sk\u0142adaj\u0105c zebranym \u017cyczenia \u015bwi\u0105teczne, a nast\u0119pnie kapelan naszego Bractwa pob\u0142ogos\u0142awi\u0142 op\u0142atki, kt\u00f3rymi wszyscy si\u0119 podzielili. W mi\u0142ej atmosferze przy tradycyjnym karpiu szybko min\u0105\u0142 czas spotkania.<\/p>\n<p><img loading=\"lazy\" decoding=\"async\" class=\"alignnone wp-image-1352\" src=\"https:\/\/kbkzs.pl\/wp-content\/uploads\/2024\/01\/1702829281934-300x225.jpg\" alt=\"\" width=\"327\" height=\"245\" \/> \u00a0 <img loading=\"lazy\" decoding=\"async\" class=\"alignnone wp-image-1342\" src=\"https:\/\/kbkzs.pl\/wp-content\/uploads\/2024\/01\/1702829281871-225x300.jpg\" alt=\"\" width=\"200\" height=\"267\" \/><\/p>\n<p>Wi\u0119cej zdj\u0119\u0107 w galerii.<\/p>\n","protected":false},"excerpt":{"rendered":"<p>SPOTKANIE OP\u0141ATKOWE Tradycyjne Spotkanie Op\u0142atkowe poprzedzone zosta\u0142o Msz\u0105 \u015awi\u0119t\u0105 w intencji zmar\u0142ego naszego Brata Romana Koniecznego w Ko\u015bciele\u00a0 \u015bw. Andrzeja Boboli w Dominowie o godz.18,00, kt\u00f3r\u0105 odprawi\u0142\u00a0 ks. Zbigniew Nowaczewski, proboszcz parafii Giecz i Grodziszczko. Na zako\u0144czenie Eucharystii kanclerz Bractwa \u00a0Kontynuacja spotkania odby\u0142a si\u0119 w Gminnym O\u015brodku Kultury. Na wst\u0119pnie g\u0142os zabra\u0142 Starszy Bractwa Marian [&hellip;]<\/p>\n","protected":false},"author":3,"featured_media":0,"comment_status":"closed","ping_status":"closed","sticky":false,"template":"","format":"standard","meta":{"_et_pb_use_builder":"","_et_pb_old_content":"","_et_gb_content_width":"","footnotes":""},"categories":[4],"tags":[],"class_list":["post-1360","post","type-post","status-publish","format-standard","hentry","category-aktualnosci"],"_links":{"self":[{"href":"https:\/\/kbkzs.pl\/index.php\/wp-json\/wp\/v2\/posts\/1360","targetHints":{"allow":["GET"]}}],"collection":[{"href":"https:\/\/kbkzs.pl\/index.php\/wp-json\/wp\/v2\/posts"}],"about":[{"href":"https:\/\/kbkzs.pl\/index.php\/wp-json\/wp\/v2\/types\/post"}],"author":[{"embeddable":true,"href":"https:\/\/kbkzs.pl\/index.php\/wp-json\/wp\/v2\/users\/3"}],"replies":[{"embeddable":true,"href":"https:\/\/kbkzs.pl\/index.php\/wp-json\/wp\/v2\/comments?post=1360"}],"version-history":[{"count":2,"href":"https:\/\/kbkzs.pl\/index.php\/wp-json\/wp\/v2\/posts\/1360\/revisions"}],"predecessor-version":[{"id":1362,"href":"https:\/\/kbkzs.pl\/index.php\/wp-json\/wp\/v2\/posts\/1360\/revisions\/1362"}],"wp:attachment":[{"href":"https:\/\/kbkzs.pl\/index.php\/wp-json\/wp\/v2\/media?parent=1360"}],"wp:term":[{"taxonomy":"category","embeddable":true,"href":"https:\/\/kbkzs.pl\/index.php\/wp-json\/wp\/v2\/categories?post=1360"},{"taxonomy":"post_tag","embeddable":true,"href":"https:\/\/kbkzs.pl\/index.php\/wp-json\/wp\/v2\/tags?post=1360"}],"curies":[{"name":"wp","href":"https:\/\/api.w.org\/{rel}","templated":true}]}}