{"id":1365,"date":"2023-12-27T16:39:09","date_gmt":"2023-12-27T15:39:09","guid":{"rendered":"https:\/\/kbkzs.pl\/?p=1365"},"modified":"2024-02-13T19:34:50","modified_gmt":"2024-02-13T18:34:50","slug":"27-grudnia-2023-roku-narodowy-dzien-zwycieskiego-powstania-wielkopolskiego","status":"publish","type":"post","link":"https:\/\/kbkzs.pl\/index.php\/2023\/12\/27\/27-grudnia-2023-roku-narodowy-dzien-zwycieskiego-powstania-wielkopolskiego\/","title":{"rendered":"27 grudnia 2023 roku &#8211; Narodowy Dzie\u0144 Zwyci\u0119skiego Powstania Wielkopolskiego"},"content":{"rendered":"<p style=\"text-align: center;\"><strong>Narodowy dzie\u0144 Zwyci\u0119skiego Powstania Wielkopolskiego<\/strong><\/p>\n<p>27 grudnia 2023 roku Zarz\u0105d Stowarzyszenia Rodzin Powsta\u0144c\u00f3w Wielkopolskich zorganizowa\u0142 obchody 105 rocznic\u0119 wybuchu Powstania Wielkopolskiego 1918\/1919. Tradycyjnie uroczysto\u015bci rozpocz\u0119\u0142y si\u0119 w Bazylice, gdzie ks. kanonik Janusz \u015amigiel odprawi\u0142 Msz\u0119 \u015awi\u0119t\u0105 i wyg\u0142osi\u0142 S\u0142owo Bo\u017ce, W tym roku koncelebrze uczestniczy\u0142\u00a0 z ks. Micha\u0142 Szremski. Po Mszy \u015awi\u0119tej uczestnicy spotkali si\u0119 na \u00a0Kwaterze Powsta\u0144c\u00f3w, gdzie po od\u015bpiewaniu hymnu pa\u0144stwowego g\u0142os zabrali: Wicemarsza\u0142ek Wojew\u00f3dztwa Wielkopolskiego Wojciech Jankowiak, Burmistrz Miasta Piotr Mieloch i w imieniu Zarz\u0105du Stowarzyszenia Tomasz Pawlicki. Wa\u017cn\u0105 cz\u0119\u015bci\u0105 tej cz\u0119\u015bci uroczysto\u015bci by\u0142o ods\u0142oni\u0119cie kolejnej, \u00f3smej ju\u017c tablicy pami\u0105tkowej zawieraj\u0105cej 147 nazwisk uczestnik\u00f3w Powstania Wielkopolskiego. By\u0142o to mo\u017cliwe dzi\u0119ki wnuczkom uczestnika Powstania Wielkopolskiego J\u00f3zefa Kami\u0144skiego: Pani\u00a0 Marii Kami\u0144skiej\u00a0 i \u015bp. Pani Dorocie Kami\u0144skiej, kt\u00f3re ufundowa\u0142y t\u0119 tablic\u0119. Po\u015bwi\u0119cenia tablicy dokona\u0142 ks. kanonik Janusz \u015amigiel. Na zako\u0144czenie uroczysto\u015bci uczestnicy z\u0142o\u017cyli wi\u0105zanki kwiat\u00f3w. Nale\u017cy podkre\u015bli\u0107, \u017ce tak jak\u00a0 ka\u017cdego roku w uroczysto\u015bci uczestniczy\u0142y: liczne poczty sztandarowe, mieszka\u0144cy Powiatu \u015aredzkiego, przedstawiciele zak\u0142ad\u00f3w pracy, organizacji pozarz\u0105dowych, uczniowie \u015bredzkich szk\u00f3\u0142 i harcerze. Opraw\u0119 uroczysto\u015bci zapewnili uczniowie szk\u00f3\u0142 wojskowych Zespo\u0142u Szk\u00f3\u0142 Rolniczych. Nie mog\u0142o zabrakn\u0105\u0107 na tak wa\u017cnej uroczysto\u015bci Braci Kontuszowego Bractwa Kurkowego Ziemi \u015aredzkiej.<\/p>\n<p><img loading=\"lazy\" decoding=\"async\" class=\"alignnone wp-image-1372\" src=\"https:\/\/kbkzs.pl\/wp-content\/uploads\/2024\/02\/2023_12_27_obchody_powstanie_010-300x200.jpg\" alt=\"\" width=\"227\" height=\"151\" \/><\/p>\n<p><img loading=\"lazy\" decoding=\"async\" class=\"alignnone wp-image-1377\" src=\"https:\/\/kbkzs.pl\/wp-content\/uploads\/2024\/02\/2023_12_27_obchody_powstanie_202-300x200.jpg\" alt=\"\" width=\"231\" height=\"154\" \/>\u00a0 Wi\u0119cej zdj\u0119\u0107 w galerii.<\/p>\n","protected":false},"excerpt":{"rendered":"<p>Narodowy dzie\u0144 Zwyci\u0119skiego Powstania Wielkopolskiego 27 grudnia 2023 roku Zarz\u0105d Stowarzyszenia Rodzin Powsta\u0144c\u00f3w Wielkopolskich zorganizowa\u0142 obchody 105 rocznic\u0119 wybuchu Powstania Wielkopolskiego 1918\/1919. Tradycyjnie uroczysto\u015bci rozpocz\u0119\u0142y si\u0119 w Bazylice, gdzie ks. kanonik Janusz \u015amigiel odprawi\u0142 Msz\u0119 \u015awi\u0119t\u0105 i wyg\u0142osi\u0142 S\u0142owo Bo\u017ce, W tym roku koncelebrze uczestniczy\u0142\u00a0 z ks. Micha\u0142 Szremski. Po Mszy \u015awi\u0119tej uczestnicy spotkali si\u0119 [&hellip;]<\/p>\n","protected":false},"author":3,"featured_media":0,"comment_status":"closed","ping_status":"closed","sticky":false,"template":"","format":"standard","meta":{"_et_pb_use_builder":"","_et_pb_old_content":"","_et_gb_content_width":"","footnotes":""},"categories":[4],"tags":[],"class_list":["post-1365","post","type-post","status-publish","format-standard","hentry","category-aktualnosci"],"_links":{"self":[{"href":"https:\/\/kbkzs.pl\/index.php\/wp-json\/wp\/v2\/posts\/1365","targetHints":{"allow":["GET"]}}],"collection":[{"href":"https:\/\/kbkzs.pl\/index.php\/wp-json\/wp\/v2\/posts"}],"about":[{"href":"https:\/\/kbkzs.pl\/index.php\/wp-json\/wp\/v2\/types\/post"}],"author":[{"embeddable":true,"href":"https:\/\/kbkzs.pl\/index.php\/wp-json\/wp\/v2\/users\/3"}],"replies":[{"embeddable":true,"href":"https:\/\/kbkzs.pl\/index.php\/wp-json\/wp\/v2\/comments?post=1365"}],"version-history":[{"count":6,"href":"https:\/\/kbkzs.pl\/index.php\/wp-json\/wp\/v2\/posts\/1365\/revisions"}],"predecessor-version":[{"id":1383,"href":"https:\/\/kbkzs.pl\/index.php\/wp-json\/wp\/v2\/posts\/1365\/revisions\/1383"}],"wp:attachment":[{"href":"https:\/\/kbkzs.pl\/index.php\/wp-json\/wp\/v2\/media?parent=1365"}],"wp:term":[{"taxonomy":"category","embeddable":true,"href":"https:\/\/kbkzs.pl\/index.php\/wp-json\/wp\/v2\/categories?post=1365"},{"taxonomy":"post_tag","embeddable":true,"href":"https:\/\/kbkzs.pl\/index.php\/wp-json\/wp\/v2\/tags?post=1365"}],"curies":[{"name":"wp","href":"https:\/\/api.w.org\/{rel}","templated":true}]}}