{"id":1410,"date":"2024-03-24T17:41:05","date_gmt":"2024-03-24T16:41:05","guid":{"rendered":"https:\/\/kbkzs.pl\/?p=1410"},"modified":"2024-06-03T19:23:48","modified_gmt":"2024-06-03T17:23:48","slug":"24-marca-2024-roku-niedziela-palmowa-w-winnej-gorze","status":"publish","type":"post","link":"https:\/\/kbkzs.pl\/index.php\/2024\/03\/24\/24-marca-2024-roku-niedziela-palmowa-w-winnej-gorze\/","title":{"rendered":"24 marca 2024 roku &#8211; Niedziela Palmowa w Winnej G\u00f3rze"},"content":{"rendered":"<p>W dniu 24 marca 2024 roku brali\u015bmy udzia\u0142 w uroczystej Mszy \u015awi\u0119tej w Niedziele Palmow\u0105. Msz\u0119 \u015awi\u0119t\u0105 poprzedzi\u0142a uroczysta procesja wok\u00f3\u0142 ko\u015bcio\u0142a. Zgodnie z tradycj\u0105 ksi\u0105dz proboszcz przed wej\u015bciem do ko\u015bcio\u0142a zapuka\u0142 w zamkni\u0119te drzwi krzy\u017cem. Nast\u0119pnie odby\u0142a si\u0119 uroczysta Msza \u015awi\u0119ta kt\u00f3rej przewodniczy\u0142 i s\u0142owo Bo\u017ce wyg\u0142osi\u0142\u00a0 proboszcz Parafii\u00a0 \u015awi\u0119tego Micha\u0142a Archanio\u0142a\u00a0 w Winna G\u00f3rze\u00a0 i kapelan naszego Bractwa ks. Tomasz Kubacki.<\/p>\n<p><img loading=\"lazy\" decoding=\"async\" class=\"alignnone wp-image-1424\" src=\"https:\/\/kbkzs.pl\/wp-content\/uploads\/2024\/03\/1716392195176-139x300.jpg\" alt=\"\" width=\"158\" height=\"340\" \/> \u00a0\u00a0\u00a0\u00a0\u00a0\u00a0 <img loading=\"lazy\" decoding=\"async\" class=\"alignnone wp-image-1423\" src=\"https:\/\/kbkzs.pl\/wp-content\/uploads\/2024\/03\/1716392195166-139x300.jpg\" alt=\"\" width=\"157\" height=\"339\" \/><\/p>\n<p><img loading=\"lazy\" decoding=\"async\" class=\"alignnone  wp-image-1425\" src=\"https:\/\/kbkzs.pl\/wp-content\/uploads\/2024\/03\/1716392195184-300x139.jpg\" alt=\"\" width=\"339\" height=\"157\" \/><\/p>\n","protected":false},"excerpt":{"rendered":"<p>W dniu 24 marca 2024 roku brali\u015bmy udzia\u0142 w uroczystej Mszy \u015awi\u0119tej w Niedziele Palmow\u0105. Msz\u0119 \u015awi\u0119t\u0105 poprzedzi\u0142a uroczysta procesja wok\u00f3\u0142 ko\u015bcio\u0142a. Zgodnie z tradycj\u0105 ksi\u0105dz proboszcz przed wej\u015bciem do ko\u015bcio\u0142a zapuka\u0142 w zamkni\u0119te drzwi krzy\u017cem. Nast\u0119pnie odby\u0142a si\u0119 uroczysta Msza \u015awi\u0119ta kt\u00f3rej przewodniczy\u0142 i s\u0142owo Bo\u017ce wyg\u0142osi\u0142\u00a0 proboszcz Parafii\u00a0 \u015awi\u0119tego Micha\u0142a Archanio\u0142a\u00a0 w Winna [&hellip;]<\/p>\n","protected":false},"author":3,"featured_media":0,"comment_status":"closed","ping_status":"closed","sticky":false,"template":"","format":"standard","meta":{"_et_pb_use_builder":"","_et_pb_old_content":"","_et_gb_content_width":"","footnotes":""},"categories":[4],"tags":[],"class_list":["post-1410","post","type-post","status-publish","format-standard","hentry","category-aktualnosci"],"_links":{"self":[{"href":"https:\/\/kbkzs.pl\/index.php\/wp-json\/wp\/v2\/posts\/1410","targetHints":{"allow":["GET"]}}],"collection":[{"href":"https:\/\/kbkzs.pl\/index.php\/wp-json\/wp\/v2\/posts"}],"about":[{"href":"https:\/\/kbkzs.pl\/index.php\/wp-json\/wp\/v2\/types\/post"}],"author":[{"embeddable":true,"href":"https:\/\/kbkzs.pl\/index.php\/wp-json\/wp\/v2\/users\/3"}],"replies":[{"embeddable":true,"href":"https:\/\/kbkzs.pl\/index.php\/wp-json\/wp\/v2\/comments?post=1410"}],"version-history":[{"count":4,"href":"https:\/\/kbkzs.pl\/index.php\/wp-json\/wp\/v2\/posts\/1410\/revisions"}],"predecessor-version":[{"id":1428,"href":"https:\/\/kbkzs.pl\/index.php\/wp-json\/wp\/v2\/posts\/1410\/revisions\/1428"}],"wp:attachment":[{"href":"https:\/\/kbkzs.pl\/index.php\/wp-json\/wp\/v2\/media?parent=1410"}],"wp:term":[{"taxonomy":"category","embeddable":true,"href":"https:\/\/kbkzs.pl\/index.php\/wp-json\/wp\/v2\/categories?post=1410"},{"taxonomy":"post_tag","embeddable":true,"href":"https:\/\/kbkzs.pl\/index.php\/wp-json\/wp\/v2\/tags?post=1410"}],"curies":[{"name":"wp","href":"https:\/\/api.w.org\/{rel}","templated":true}]}}