{"id":1417,"date":"2024-05-04T17:58:30","date_gmt":"2024-05-04T15:58:30","guid":{"rendered":"https:\/\/kbkzs.pl\/?p=1417"},"modified":"2024-06-04T20:00:56","modified_gmt":"2024-06-04T18:00:56","slug":"3-maja-2024-roku-swieto-konstytucji","status":"publish","type":"post","link":"https:\/\/kbkzs.pl\/index.php\/2024\/05\/04\/3-maja-2024-roku-swieto-konstytucji\/","title":{"rendered":"3 maja 2024 roku &#8211; \u015awi\u0119to Konstytucji"},"content":{"rendered":"<p>W dniu 3 maja 2024 roku z\u00a0okazji Narodowego \u015awi\u0119ta Uchwalenia Konstytucji 3 Maja przed po\u0142udniem w\u00a0naszym mie\u015bcie odby\u0142y si\u0119 uroczysto\u015bci rocznicowe. Rozpocz\u0119\u0142y si\u0119 o\u00a0godzinie 10.00 Msz\u0105 \u015awi\u0119t\u0105 w\u00a0intencji Ojczyzny w\u00a0Bazylice \u015aredzkiej, kt\u00f3rej przewodniczy\u0142 i wyg\u0142osi\u0142 S\u0142owo Bo\u017ce proboszcz Parafii ks. Janusz \u015amigiel. Po Mszy \u015awi\u0119tej jej uczestnicy, a\u00a0wi\u0119c w\u0142adze samorz\u0105dowe Gminy \u015aroda Wielkopolska i\u00a0Powiatu \u015aredzkiego, poczty sztandarowe, przedstawiciele r\u00f3\u017cnych organizacji i\u00a0stowarzysze\u0144, m\u0142odzie\u017c szkolna, harcerze przy akompaniamencie \u015bredzkiej Orkiestry OSP przemaszerowa\u0142y pod pomnik gen. Jana Henryka D\u0105browskiego gdzie z\u0142o\u017cone zosta\u0142y okoliczno\u015bciowe wi\u0105zanki kwiat\u00f3w. Oczywi\u015bcie w tych uroczysto\u015bciach uczestniczy\u0142o Kontuszowe Bractwo Kurkowe Ziemi \u015aredzkiej.<\/p>\n<p><img loading=\"lazy\" decoding=\"async\" class=\"alignnone  wp-image-1467\" src=\"https:\/\/kbkzs.pl\/wp-content\/uploads\/2024\/06\/1716394372967-300x138.jpg\" alt=\"\" width=\"241\" height=\"111\" \/>\u00a0 <img loading=\"lazy\" decoding=\"async\" class=\"alignnone  wp-image-1461\" src=\"https:\/\/kbkzs.pl\/wp-content\/uploads\/2024\/06\/1716394372905-300x169.jpg\" alt=\"\" width=\"249\" height=\"140\" \/><\/p>\n<p>Wi\u0119cej zdj\u0119\u0107 w galerii.<\/p>\n<p>&nbsp;<\/p>\n","protected":false},"excerpt":{"rendered":"<p>W dniu 3 maja 2024 roku z\u00a0okazji Narodowego \u015awi\u0119ta Uchwalenia Konstytucji 3 Maja przed po\u0142udniem w\u00a0naszym mie\u015bcie odby\u0142y si\u0119 uroczysto\u015bci rocznicowe. Rozpocz\u0119\u0142y si\u0119 o\u00a0godzinie 10.00 Msz\u0105 \u015awi\u0119t\u0105 w\u00a0intencji Ojczyzny w\u00a0Bazylice \u015aredzkiej, kt\u00f3rej przewodniczy\u0142 i wyg\u0142osi\u0142 S\u0142owo Bo\u017ce proboszcz Parafii ks. Janusz \u015amigiel. Po Mszy \u015awi\u0119tej jej uczestnicy, a\u00a0wi\u0119c w\u0142adze samorz\u0105dowe Gminy \u015aroda Wielkopolska i\u00a0Powiatu \u015aredzkiego, [&hellip;]<\/p>\n","protected":false},"author":3,"featured_media":0,"comment_status":"closed","ping_status":"closed","sticky":false,"template":"","format":"standard","meta":{"_et_pb_use_builder":"","_et_pb_old_content":"","_et_gb_content_width":"","footnotes":""},"categories":[4],"tags":[],"class_list":["post-1417","post","type-post","status-publish","format-standard","hentry","category-aktualnosci"],"_links":{"self":[{"href":"https:\/\/kbkzs.pl\/index.php\/wp-json\/wp\/v2\/posts\/1417","targetHints":{"allow":["GET"]}}],"collection":[{"href":"https:\/\/kbkzs.pl\/index.php\/wp-json\/wp\/v2\/posts"}],"about":[{"href":"https:\/\/kbkzs.pl\/index.php\/wp-json\/wp\/v2\/types\/post"}],"author":[{"embeddable":true,"href":"https:\/\/kbkzs.pl\/index.php\/wp-json\/wp\/v2\/users\/3"}],"replies":[{"embeddable":true,"href":"https:\/\/kbkzs.pl\/index.php\/wp-json\/wp\/v2\/comments?post=1417"}],"version-history":[{"count":4,"href":"https:\/\/kbkzs.pl\/index.php\/wp-json\/wp\/v2\/posts\/1417\/revisions"}],"predecessor-version":[{"id":1472,"href":"https:\/\/kbkzs.pl\/index.php\/wp-json\/wp\/v2\/posts\/1417\/revisions\/1472"}],"wp:attachment":[{"href":"https:\/\/kbkzs.pl\/index.php\/wp-json\/wp\/v2\/media?parent=1417"}],"wp:term":[{"taxonomy":"category","embeddable":true,"href":"https:\/\/kbkzs.pl\/index.php\/wp-json\/wp\/v2\/categories?post=1417"},{"taxonomy":"post_tag","embeddable":true,"href":"https:\/\/kbkzs.pl\/index.php\/wp-json\/wp\/v2\/tags?post=1417"}],"curies":[{"name":"wp","href":"https:\/\/api.w.org\/{rel}","templated":true}]}}