{"id":1550,"date":"2024-06-25T15:52:59","date_gmt":"2024-06-25T13:52:59","guid":{"rendered":"https:\/\/kbkzs.pl\/?p=1550"},"modified":"2024-06-25T15:52:59","modified_gmt":"2024-06-25T13:52:59","slug":"21-czerwca-2024-roku-strzelanie-o-tytul-krolowej-i-krola","status":"publish","type":"post","link":"https:\/\/kbkzs.pl\/index.php\/2024\/06\/25\/21-czerwca-2024-roku-strzelanie-o-tytul-krolowej-i-krola\/","title":{"rendered":"21 czerwca 2024 roku &#8211; Strzelanie o tytu\u0142 Kr\u00f3lowej i Kr\u00f3la"},"content":{"rendered":"<p><strong>STRZELANIE O TYTU\u0141 KR\u00d3LA I KR\u00d3LOWEJ AD 2024<\/strong><\/p>\n<p><strong>KONTUSZOWEGO BRACTWA KURKOWEGO ZIEMI \u015aREDZKIEJ<\/strong><\/p>\n<p>21 czerwca 2024 roku na strzelnicy Bryllandia w Witaszycach odby\u0142o si\u0119 strzelanie kr\u00f3lewskie Kontuszowego Bractwa Kurkowego Ziemi \u015aredzkiej. \u00a0Kr\u00f3low\u0105 i Kr\u00f3la wy\u0142oniono w wyniku strzelania do Ba\u017canta i Kura. Kr\u00f3low\u0105 Kontuszowego Bractwa Kurkowego Ziemi \u015aredzkiej AD 2024 zosta\u0142a Dorota Szaroleta. Pierwsz\u0105 Dam\u0105 zosta\u0142a Milena St\u0119pniak &#8211; Lis, a Drug\u0105 Dam\u0105 Danuta Pawlicka. Kr\u00f3lem AD 2024 zosta\u0142\u00a0 Brat Karol Haremza. Pierwszym Rycerzem zosta\u0142\u00a0 Brat Mariusz Myszak, a Drugim Rycerzem Wojciech Lis. Na zdj\u0119ciu Kr\u00f3lowa z zestrzelonym ba\u017cantem i Kr\u00f3l\u00a0 z zestrzelonym kurem. Dodatkowo Damy strzela\u0142y do swojej tarczy, kt\u00f3r\u0105 zdoby\u0142a Lidia Haremza, a wszyscy uczestnicy do tarczy charytatywnej, kt\u00f3r\u0105 zdoby\u0142 Rafa\u0142 Eichler.<\/p>\n<p><img loading=\"lazy\" decoding=\"async\" class=\"alignnone  wp-image-1538\" src=\"https:\/\/kbkzs.pl\/wp-content\/uploads\/2024\/06\/1719297114818-300x225.jpg\" alt=\"\" width=\"240\" height=\"180\" \/>\u00a0 <img loading=\"lazy\" decoding=\"async\" class=\"alignnone  wp-image-1536\" src=\"https:\/\/kbkzs.pl\/wp-content\/uploads\/2024\/06\/1719297114806-300x225.jpg\" alt=\"\" width=\"241\" height=\"181\" \/><\/p>\n","protected":false},"excerpt":{"rendered":"<p>STRZELANIE O TYTU\u0141 KR\u00d3LA I KR\u00d3LOWEJ AD 2024 KONTUSZOWEGO BRACTWA KURKOWEGO ZIEMI \u015aREDZKIEJ 21 czerwca 2024 roku na strzelnicy Bryllandia w Witaszycach odby\u0142o si\u0119 strzelanie kr\u00f3lewskie Kontuszowego Bractwa Kurkowego Ziemi \u015aredzkiej. \u00a0Kr\u00f3low\u0105 i Kr\u00f3la wy\u0142oniono w wyniku strzelania do Ba\u017canta i Kura. Kr\u00f3low\u0105 Kontuszowego Bractwa Kurkowego Ziemi \u015aredzkiej AD 2024 zosta\u0142a Dorota Szaroleta. Pierwsz\u0105 Dam\u0105 [&hellip;]<\/p>\n","protected":false},"author":3,"featured_media":0,"comment_status":"closed","ping_status":"closed","sticky":false,"template":"","format":"standard","meta":{"_et_pb_use_builder":"","_et_pb_old_content":"","_et_gb_content_width":"","footnotes":""},"categories":[4],"tags":[],"class_list":["post-1550","post","type-post","status-publish","format-standard","hentry","category-aktualnosci"],"_links":{"self":[{"href":"https:\/\/kbkzs.pl\/index.php\/wp-json\/wp\/v2\/posts\/1550","targetHints":{"allow":["GET"]}}],"collection":[{"href":"https:\/\/kbkzs.pl\/index.php\/wp-json\/wp\/v2\/posts"}],"about":[{"href":"https:\/\/kbkzs.pl\/index.php\/wp-json\/wp\/v2\/types\/post"}],"author":[{"embeddable":true,"href":"https:\/\/kbkzs.pl\/index.php\/wp-json\/wp\/v2\/users\/3"}],"replies":[{"embeddable":true,"href":"https:\/\/kbkzs.pl\/index.php\/wp-json\/wp\/v2\/comments?post=1550"}],"version-history":[{"count":1,"href":"https:\/\/kbkzs.pl\/index.php\/wp-json\/wp\/v2\/posts\/1550\/revisions"}],"predecessor-version":[{"id":1551,"href":"https:\/\/kbkzs.pl\/index.php\/wp-json\/wp\/v2\/posts\/1550\/revisions\/1551"}],"wp:attachment":[{"href":"https:\/\/kbkzs.pl\/index.php\/wp-json\/wp\/v2\/media?parent=1550"}],"wp:term":[{"taxonomy":"category","embeddable":true,"href":"https:\/\/kbkzs.pl\/index.php\/wp-json\/wp\/v2\/categories?post=1550"},{"taxonomy":"post_tag","embeddable":true,"href":"https:\/\/kbkzs.pl\/index.php\/wp-json\/wp\/v2\/tags?post=1550"}],"curies":[{"name":"wp","href":"https:\/\/api.w.org\/{rel}","templated":true}]}}