{"id":1591,"date":"2024-08-25T18:50:29","date_gmt":"2024-08-25T16:50:29","guid":{"rendered":"https:\/\/kbkzs.pl\/?p=1591"},"modified":"2024-10-28T19:17:53","modified_gmt":"2024-10-28T18:17:53","slug":"25-czerwca-2024-roku-ingres-krolowej-i-krola-ad-2024","status":"publish","type":"post","link":"https:\/\/kbkzs.pl\/index.php\/2024\/08\/25\/25-czerwca-2024-roku-ingres-krolowej-i-krola-ad-2024\/","title":{"rendered":"25 sierpnia 2024 roku &#8211; Ingres Kr\u00f3lowej i Kr\u00f3la AD 2024"},"content":{"rendered":"<p>W niedziel\u0119\u00a0 25 sierpnia 2024 o godz. 11,00 podczas Mszy \u015awi\u0119tej w Ko\u015bciele \u015bw. Micha\u0142a Archanio\u0142a w Winnej G\u00f3rze odby\u0142a si\u0119 uroczysto\u015b\u0107 Intronizacji Kr\u00f3la i Kr\u00f3lowej\u00a0 AD 2024 Kontuszowego Bractwa Kurkowego Ziemi \u015aredzkiej. W trakcie Mszy \u015awi\u0119tej kapelan Bractwa ks. proboszcz Tomasz Kubacki pob\u0142ogos\u0142awi\u0142 insygnia kr\u00f3lewskie nast\u0119pnie \u00a0wr\u0119czy\u0142 kr\u00f3lowej AD 2024 Dorocie Jackowiak Szaroleta i kr\u00f3lowi AD 2024 Karolowi Haremzie \u0142a\u0144cuchy kr\u00f3lewskie. Insygnia wr\u0119czono tak\u017ce pierwszej Damie Milenie St\u0119pniak Lis i pierwszemu rycerzowi Mariuszowi Myszakowi oraz drugiej Damie Danucie Pawlickiej i drugiemu rycerzowi Wojciechowi Lisowi. Po zako\u0144czeniu Mszy \u015aw. przed ko\u015bcio\u0142em zrobiono pami\u0105tkowe zdj\u0119cie, a nast\u0119pnie wszyscy Bracia oraz zaproszeni go\u015bcie udali si\u0119 na raut kr\u00f3lewski do restauracji \u201eBagatelka\u201d w Mi\u0142os\u0142awiu, gdzie mi\u0142o sp\u0119dzili\u015bmy popo\u0142udnie.<\/p>\n<p><img loading=\"lazy\" decoding=\"async\" class=\"alignnone  wp-image-1606\" src=\"https:\/\/kbkzs.pl\/wp-content\/uploads\/2024\/10\/IMG-20240825-WA0059-300x139.jpg\" alt=\"\" width=\"250\" height=\"116\" \/> <img loading=\"lazy\" decoding=\"async\" class=\"alignnone  wp-image-1594\" src=\"https:\/\/kbkzs.pl\/wp-content\/uploads\/2024\/10\/IMG-20240825-WA0025-300x138.jpg\" alt=\"\" width=\"245\" height=\"113\" \/><\/p>\n<p>Wi\u0119cej zdj\u0119\u0107 w galerii.<\/p>\n<p>&nbsp;<\/p>\n","protected":false},"excerpt":{"rendered":"<p>W niedziel\u0119\u00a0 25 sierpnia 2024 o godz. 11,00 podczas Mszy \u015awi\u0119tej w Ko\u015bciele \u015bw. Micha\u0142a Archanio\u0142a w Winnej G\u00f3rze odby\u0142a si\u0119 uroczysto\u015b\u0107 Intronizacji Kr\u00f3la i Kr\u00f3lowej\u00a0 AD 2024 Kontuszowego Bractwa Kurkowego Ziemi \u015aredzkiej. W trakcie Mszy \u015awi\u0119tej kapelan Bractwa ks. proboszcz Tomasz Kubacki pob\u0142ogos\u0142awi\u0142 insygnia kr\u00f3lewskie nast\u0119pnie \u00a0wr\u0119czy\u0142 kr\u00f3lowej AD 2024 Dorocie Jackowiak Szaroleta i [&hellip;]<\/p>\n","protected":false},"author":3,"featured_media":0,"comment_status":"closed","ping_status":"closed","sticky":false,"template":"","format":"standard","meta":{"_et_pb_use_builder":"","_et_pb_old_content":"","_et_gb_content_width":"","footnotes":""},"categories":[4],"tags":[],"class_list":["post-1591","post","type-post","status-publish","format-standard","hentry","category-aktualnosci"],"_links":{"self":[{"href":"https:\/\/kbkzs.pl\/index.php\/wp-json\/wp\/v2\/posts\/1591","targetHints":{"allow":["GET"]}}],"collection":[{"href":"https:\/\/kbkzs.pl\/index.php\/wp-json\/wp\/v2\/posts"}],"about":[{"href":"https:\/\/kbkzs.pl\/index.php\/wp-json\/wp\/v2\/types\/post"}],"author":[{"embeddable":true,"href":"https:\/\/kbkzs.pl\/index.php\/wp-json\/wp\/v2\/users\/3"}],"replies":[{"embeddable":true,"href":"https:\/\/kbkzs.pl\/index.php\/wp-json\/wp\/v2\/comments?post=1591"}],"version-history":[{"count":3,"href":"https:\/\/kbkzs.pl\/index.php\/wp-json\/wp\/v2\/posts\/1591\/revisions"}],"predecessor-version":[{"id":1618,"href":"https:\/\/kbkzs.pl\/index.php\/wp-json\/wp\/v2\/posts\/1591\/revisions\/1618"}],"wp:attachment":[{"href":"https:\/\/kbkzs.pl\/index.php\/wp-json\/wp\/v2\/media?parent=1591"}],"wp:term":[{"taxonomy":"category","embeddable":true,"href":"https:\/\/kbkzs.pl\/index.php\/wp-json\/wp\/v2\/categories?post=1591"},{"taxonomy":"post_tag","embeddable":true,"href":"https:\/\/kbkzs.pl\/index.php\/wp-json\/wp\/v2\/tags?post=1591"}],"curies":[{"name":"wp","href":"https:\/\/api.w.org\/{rel}","templated":true}]}}