{"id":1697,"date":"2024-10-06T13:59:00","date_gmt":"2024-10-06T11:59:00","guid":{"rendered":"https:\/\/kbkzs.pl\/?p=1697"},"modified":"2024-11-13T19:01:41","modified_gmt":"2024-11-13T18:01:41","slug":"4-pazdziernika-2024-roku-noc-zawodowcow","status":"publish","type":"post","link":"https:\/\/kbkzs.pl\/index.php\/2024\/10\/06\/4-pazdziernika-2024-roku-noc-zawodowcow\/","title":{"rendered":"4 pa\u017adziernika 2024 roku &#8211; Noc Zawodowc\u00f3w"},"content":{"rendered":"<p>Dnia 4 pa\u017adziernika 2024 roku delegacja Naszego Bractwa wzi\u0119\u0142a udzia\u0142 w Nocy Zawodowc\u00f3w organizowanej przez Samorz\u0105d Wojew\u00f3dztwa Wielkopolskiego, Powiat \u015aredzki,\u00a0 Centrum Wsparcia Rzemios\u0142a Kszta\u0142cenia Dualnego i Zawodowego w Poznaniu oraz gospodarza tego wydarzenia Centrum Kszta\u0142cenia Zawodowego i Ustawicznego w \u015arodzie Wielkopolskiej. Zaproszenie na tego rodzaju wydarzenie by\u0142o wielkim zaszczytem dla Naszego Bractwa.<\/p>\n<p><img loading=\"lazy\" decoding=\"async\" class=\"alignnone  wp-image-1703\" src=\"https:\/\/kbkzs.pl\/wp-content\/uploads\/2024\/10\/IMG-20241112-WA0002-300x200.jpg\" alt=\"\" width=\"240\" height=\"160\" \/> <img loading=\"lazy\" decoding=\"async\" class=\"alignnone  wp-image-1705\" src=\"https:\/\/kbkzs.pl\/wp-content\/uploads\/2024\/10\/IMG-20241112-WA0004-300x200.jpg\" alt=\"\" width=\"240\" height=\"160\" \/><\/p>\n<p><img loading=\"lazy\" decoding=\"async\" class=\"alignnone  wp-image-1704\" src=\"https:\/\/kbkzs.pl\/wp-content\/uploads\/2024\/10\/IMG-20241112-WA0003-240x300.jpg\" alt=\"\" width=\"200\" height=\"250\" \/><\/p>\n<p>&nbsp;<\/p>\n","protected":false},"excerpt":{"rendered":"<p>Dnia 4 pa\u017adziernika 2024 roku delegacja Naszego Bractwa wzi\u0119\u0142a udzia\u0142 w Nocy Zawodowc\u00f3w organizowanej przez Samorz\u0105d Wojew\u00f3dztwa Wielkopolskiego, Powiat \u015aredzki,\u00a0 Centrum Wsparcia Rzemios\u0142a Kszta\u0142cenia Dualnego i Zawodowego w Poznaniu oraz gospodarza tego wydarzenia Centrum Kszta\u0142cenia Zawodowego i Ustawicznego w \u015arodzie Wielkopolskiej. Zaproszenie na tego rodzaju wydarzenie by\u0142o wielkim zaszczytem dla Naszego Bractwa. &nbsp;<\/p>\n","protected":false},"author":3,"featured_media":0,"comment_status":"closed","ping_status":"closed","sticky":false,"template":"","format":"standard","meta":{"_et_pb_use_builder":"","_et_pb_old_content":"","_et_gb_content_width":"","footnotes":""},"categories":[4],"tags":[],"class_list":["post-1697","post","type-post","status-publish","format-standard","hentry","category-aktualnosci"],"_links":{"self":[{"href":"https:\/\/kbkzs.pl\/index.php\/wp-json\/wp\/v2\/posts\/1697","targetHints":{"allow":["GET"]}}],"collection":[{"href":"https:\/\/kbkzs.pl\/index.php\/wp-json\/wp\/v2\/posts"}],"about":[{"href":"https:\/\/kbkzs.pl\/index.php\/wp-json\/wp\/v2\/types\/post"}],"author":[{"embeddable":true,"href":"https:\/\/kbkzs.pl\/index.php\/wp-json\/wp\/v2\/users\/3"}],"replies":[{"embeddable":true,"href":"https:\/\/kbkzs.pl\/index.php\/wp-json\/wp\/v2\/comments?post=1697"}],"version-history":[{"count":5,"href":"https:\/\/kbkzs.pl\/index.php\/wp-json\/wp\/v2\/posts\/1697\/revisions"}],"predecessor-version":[{"id":1706,"href":"https:\/\/kbkzs.pl\/index.php\/wp-json\/wp\/v2\/posts\/1697\/revisions\/1706"}],"wp:attachment":[{"href":"https:\/\/kbkzs.pl\/index.php\/wp-json\/wp\/v2\/media?parent=1697"}],"wp:term":[{"taxonomy":"category","embeddable":true,"href":"https:\/\/kbkzs.pl\/index.php\/wp-json\/wp\/v2\/categories?post=1697"},{"taxonomy":"post_tag","embeddable":true,"href":"https:\/\/kbkzs.pl\/index.php\/wp-json\/wp\/v2\/tags?post=1697"}],"curies":[{"name":"wp","href":"https:\/\/api.w.org\/{rel}","templated":true}]}}