{"id":1830,"date":"2025-03-23T18:40:49","date_gmt":"2025-03-23T17:40:49","guid":{"rendered":"https:\/\/kbkzs.pl\/?p=1830"},"modified":"2025-08-04T19:19:09","modified_gmt":"2025-08-04T17:19:09","slug":"senioriada-2025","status":"publish","type":"post","link":"https:\/\/kbkzs.pl\/index.php\/2025\/03\/23\/senioriada-2025\/","title":{"rendered":"SENIORIADA 2025"},"content":{"rendered":"<p style=\"text-align: center;\"><strong>SENIORIADA 2025<\/strong><\/p>\n<p style=\"text-align: left;\">Miejska Rada Senior\u00f3w\u00a0 w dniu 22 marca 2025 roku w hali sportowej Zespo\u0142u Szk\u00f3\u0142 Rolniczych w \u015arodzie Wielkopolskiej zorganizowa\u0142a po raz drugi. Senioriad\u0119\u00a0 czyli festyn integracyjny po\u0142\u0105czony z edukacj\u0105 i zabaw\u0105. Tegoroczna Senioriada spotka\u0142a si\u0119 z jeszcze wi\u0119kszym zainteresowaniem ni\u017c w roku ubieg\u0142ym i bardzo licznym udzia\u0142em senior\u00f3w naszego Powiatu. Nie zabrak\u0142o tak\u017ce przedstawicieli w\u0142adz wojew\u00f3dzkich, powiatowych i miejskich. Na tej uroczysto\u015bci nie mog\u0142o zabrakn\u0105\u0107 Kontuszowego Bractwa Kurkowego Ziemi \u015aredzkiej, kt\u00f3re zaprezentowa\u0142o sw\u00f3j dorobek na wydzielonym stoisku. Na zdj\u0119ciu cz\u0142onkowie Burmistrz Miasta Piotr Mieloch, Starszy Bractwa Marian Olejniczak i Kanclerz Bractwa Tomasz Pawlicki.<\/p>\n<p><img loading=\"lazy\" decoding=\"async\" class=\"alignnone size-medium wp-image-1831\" src=\"https:\/\/kbkzs.pl\/wp-content\/uploads\/2025\/08\/IMG-20250322-WA0001-226x300.jpg\" alt=\"\" width=\"226\" height=\"300\" \/><\/p>\n","protected":false},"excerpt":{"rendered":"<p>SENIORIADA 2025 Miejska Rada Senior\u00f3w\u00a0 w dniu 22 marca 2025 roku w hali sportowej Zespo\u0142u Szk\u00f3\u0142 Rolniczych w \u015arodzie Wielkopolskiej zorganizowa\u0142a po raz drugi. Senioriad\u0119\u00a0 czyli festyn integracyjny po\u0142\u0105czony z edukacj\u0105 i zabaw\u0105. Tegoroczna Senioriada spotka\u0142a si\u0119 z jeszcze wi\u0119kszym zainteresowaniem ni\u017c w roku ubieg\u0142ym i bardzo licznym udzia\u0142em senior\u00f3w naszego Powiatu. Nie zabrak\u0142o tak\u017ce [&hellip;]<\/p>\n","protected":false},"author":3,"featured_media":0,"comment_status":"closed","ping_status":"closed","sticky":false,"template":"","format":"standard","meta":{"_et_pb_use_builder":"","_et_pb_old_content":"","_et_gb_content_width":"","footnotes":""},"categories":[4],"tags":[],"class_list":["post-1830","post","type-post","status-publish","format-standard","hentry","category-aktualnosci"],"_links":{"self":[{"href":"https:\/\/kbkzs.pl\/index.php\/wp-json\/wp\/v2\/posts\/1830","targetHints":{"allow":["GET"]}}],"collection":[{"href":"https:\/\/kbkzs.pl\/index.php\/wp-json\/wp\/v2\/posts"}],"about":[{"href":"https:\/\/kbkzs.pl\/index.php\/wp-json\/wp\/v2\/types\/post"}],"author":[{"embeddable":true,"href":"https:\/\/kbkzs.pl\/index.php\/wp-json\/wp\/v2\/users\/3"}],"replies":[{"embeddable":true,"href":"https:\/\/kbkzs.pl\/index.php\/wp-json\/wp\/v2\/comments?post=1830"}],"version-history":[{"count":1,"href":"https:\/\/kbkzs.pl\/index.php\/wp-json\/wp\/v2\/posts\/1830\/revisions"}],"predecessor-version":[{"id":1832,"href":"https:\/\/kbkzs.pl\/index.php\/wp-json\/wp\/v2\/posts\/1830\/revisions\/1832"}],"wp:attachment":[{"href":"https:\/\/kbkzs.pl\/index.php\/wp-json\/wp\/v2\/media?parent=1830"}],"wp:term":[{"taxonomy":"category","embeddable":true,"href":"https:\/\/kbkzs.pl\/index.php\/wp-json\/wp\/v2\/categories?post=1830"},{"taxonomy":"post_tag","embeddable":true,"href":"https:\/\/kbkzs.pl\/index.php\/wp-json\/wp\/v2\/tags?post=1830"}],"curies":[{"name":"wp","href":"https:\/\/api.w.org\/{rel}","templated":true}]}}