{"id":1947,"date":"2025-05-08T19:42:15","date_gmt":"2025-05-08T17:42:15","guid":{"rendered":"https:\/\/kbkzs.pl\/?p=1947"},"modified":"2025-10-15T19:43:14","modified_gmt":"2025-10-15T17:43:14","slug":"odsloniecie-pamiatkowej-tablicy-na-starym-rynku-w-srodzie-wielkopolskiej","status":"publish","type":"post","link":"https:\/\/kbkzs.pl\/index.php\/2025\/05\/08\/odsloniecie-pamiatkowej-tablicy-na-starym-rynku-w-srodzie-wielkopolskiej\/","title":{"rendered":"Ods\u0142oni\u0119cie pami\u0105tkowej tablicy na Starym Rynku w \u015arodzie Wielkopolskiej"},"content":{"rendered":"<p style=\"text-align: center;\"><strong>Ods\u0142oni\u0119cie tablicy pami\u0105tkowej<\/strong><\/p>\n<p>W dniu 8 maja 2025 roku delegacja \u00a0Kontuszowego Bractwa Kurkowego Ziemi \u015aredzkiej uczestniczy\u0142a w uroczysto\u015bci ods\u0142oni\u0119cia tablicy upami\u0119tniaj\u0105cej mieszka\u0144c\u00f3w ziemi \u015bredzkiej, ofiary II wojny \u015bwiatowej, skazanych w latach 1940-1943 przez niemiecki Wy\u017cszy S\u0105d Krajowy w Poznaniu na kar\u0119 \u015bmieci wykonan\u0105 przez \u015bci\u0119cie na gilotynie w wi\u0119zieniach w Dre\u017anie i Poznaniu, na budynku S\u0105du Rejonowego w \u015arodzie Wielkopolskiej. Uroczysto\u015b\u0107 ta wpisa\u0142a si\u0119 w obchody Narodowego Dnia Zwyci\u0119stwa. Inicjatorem upami\u0119tnienia mieszka\u0144c\u00f3w ziemi \u015bredzkiej by\u0142 Pan Andrzej Gogulski, cz\u0142onek naszego Stowarzyszenia, kt\u00f3ry w trakcie tej uroczysto\u015bci przybli\u017cy\u0142 zebranym histori\u0119\u00a0 tych wydarze\u0144. W uroczysto\u015bci uczestniczy\u0142 naczelnik Oddzia\u0142owego Biura Upami\u0119tniania Walki M\u0119cze\u0144stwa IPN w Poznaniu Wojciech Cha\u0142upka, \u00a0burmistrz \u015arody Wielkopolskiej Piotr Mieloch, starosta \u015bredzki Ernest Iwa\u0144czuk.\u00a0\u00a0 Swoj\u0105 obecno\u015bci\u0105 zaszczyci\u0142y zebranych przedstawicielki rodzin ofiar: Adela Mroczkowska \u2013 rodzina \u015bp. rodze\u0144stwa Kawczy\u0144skich oraz Eugenia Wojtczak \u2013 c\u00f3rka \u015bp. Antoniego Malanowskiego. Po zako\u0144czeniu uroczysto\u015bci liczne zebrane delegacje z\u0142o\u017cy\u0142y wi\u0105zanki kwiat\u00f3w.<\/p>\n","protected":false},"excerpt":{"rendered":"<p>Ods\u0142oni\u0119cie tablicy pami\u0105tkowej W dniu 8 maja 2025 roku delegacja \u00a0Kontuszowego Bractwa Kurkowego Ziemi \u015aredzkiej uczestniczy\u0142a w uroczysto\u015bci ods\u0142oni\u0119cia tablicy upami\u0119tniaj\u0105cej mieszka\u0144c\u00f3w ziemi \u015bredzkiej, ofiary II wojny \u015bwiatowej, skazanych w latach 1940-1943 przez niemiecki Wy\u017cszy S\u0105d Krajowy w Poznaniu na kar\u0119 \u015bmieci wykonan\u0105 przez \u015bci\u0119cie na gilotynie w wi\u0119zieniach w Dre\u017anie i Poznaniu, na budynku [&hellip;]<\/p>\n","protected":false},"author":3,"featured_media":0,"comment_status":"closed","ping_status":"closed","sticky":false,"template":"","format":"standard","meta":{"_et_pb_use_builder":"","_et_pb_old_content":"","_et_gb_content_width":"","footnotes":""},"categories":[4],"tags":[],"class_list":["post-1947","post","type-post","status-publish","format-standard","hentry","category-aktualnosci"],"_links":{"self":[{"href":"https:\/\/kbkzs.pl\/index.php\/wp-json\/wp\/v2\/posts\/1947","targetHints":{"allow":["GET"]}}],"collection":[{"href":"https:\/\/kbkzs.pl\/index.php\/wp-json\/wp\/v2\/posts"}],"about":[{"href":"https:\/\/kbkzs.pl\/index.php\/wp-json\/wp\/v2\/types\/post"}],"author":[{"embeddable":true,"href":"https:\/\/kbkzs.pl\/index.php\/wp-json\/wp\/v2\/users\/3"}],"replies":[{"embeddable":true,"href":"https:\/\/kbkzs.pl\/index.php\/wp-json\/wp\/v2\/comments?post=1947"}],"version-history":[{"count":1,"href":"https:\/\/kbkzs.pl\/index.php\/wp-json\/wp\/v2\/posts\/1947\/revisions"}],"predecessor-version":[{"id":1948,"href":"https:\/\/kbkzs.pl\/index.php\/wp-json\/wp\/v2\/posts\/1947\/revisions\/1948"}],"wp:attachment":[{"href":"https:\/\/kbkzs.pl\/index.php\/wp-json\/wp\/v2\/media?parent=1947"}],"wp:term":[{"taxonomy":"category","embeddable":true,"href":"https:\/\/kbkzs.pl\/index.php\/wp-json\/wp\/v2\/categories?post=1947"},{"taxonomy":"post_tag","embeddable":true,"href":"https:\/\/kbkzs.pl\/index.php\/wp-json\/wp\/v2\/tags?post=1947"}],"curies":[{"name":"wp","href":"https:\/\/api.w.org\/{rel}","templated":true}]}}