{"id":487,"date":"2022-03-17T16:57:04","date_gmt":"2022-03-17T15:57:04","guid":{"rendered":"https:\/\/kbkzs.pl\/?p=487"},"modified":"2022-11-09T09:19:21","modified_gmt":"2022-11-09T08:19:21","slug":"13-grudnia-2019-roku-spotkanie-z-prymasem-polski","status":"publish","type":"post","link":"https:\/\/kbkzs.pl\/index.php\/2022\/03\/17\/13-grudnia-2019-roku-spotkanie-z-prymasem-polski\/","title":{"rendered":"13 grudnia 2019 roku &#8211; Spotkanie z Prymasem Polski."},"content":{"rendered":"<p>W dniu 13 grudnia 2019 roku delegacja naszego Bractwa wraz z kapelanem ks. Tomaszem Kubackim mia\u0142a zaszczyt spotka\u0107 si\u0119 z Prymasem Polski abp Wojciechem Polakiem. Spotkanie odby\u0142o si\u0119 w Pa\u0142acu Prymasowskim w Gnie\u017anie. W trakcie spotkanie przedstawili\u015bmy cele i zadania, jakie realizowa\u0107 b\u0119dzie nasze Bractwo. Prymas Polski udzieli\u0142 b\u0142ogos\u0142awie\u0144stwa wszystkim cz\u0142onkom Bractwa i ich rodzinom, a Bractwu \u017cyczy\u0142 realizacji postawionych cel\u00f3w. Po spotkaniu w Pa\u0142acu Prymasowskim zwiedzili\u015bmy Bazylik\u0119 prymasowsk\u0105 Wniebowzi\u0119cia Naj\u015bwi\u0119tszej Maryi Panny w Gnie\u017anie.<img loading=\"lazy\" decoding=\"async\" class=\"alignnone size-medium wp-image-432\" src=\"https:\/\/kbkzs.pl\/wp-content\/uploads\/2022\/03\/IMG-20211129-WA0009-300x225.jpg\" alt=\"\" width=\"300\" height=\"225\" \/><\/p>\n<p>Wi\u0119cej zdj\u0119\u0107 w galerii.<\/p>\n","protected":false},"excerpt":{"rendered":"<p>W dniu 13 grudnia 2019 roku delegacja naszego Bractwa wraz z kapelanem ks. Tomaszem Kubackim mia\u0142a zaszczyt spotka\u0107 si\u0119 z Prymasem Polski abp Wojciechem Polakiem. Spotkanie odby\u0142o si\u0119 w Pa\u0142acu Prymasowskim w Gnie\u017anie. W trakcie spotkanie przedstawili\u015bmy cele i zadania, jakie realizowa\u0107 b\u0119dzie nasze Bractwo. Prymas Polski udzieli\u0142 b\u0142ogos\u0142awie\u0144stwa wszystkim cz\u0142onkom Bractwa i ich rodzinom, [&hellip;]<\/p>\n","protected":false},"author":3,"featured_media":0,"comment_status":"closed","ping_status":"closed","sticky":false,"template":"","format":"standard","meta":{"_et_pb_use_builder":"","_et_pb_old_content":"","_et_gb_content_width":"","footnotes":""},"categories":[4],"tags":[],"class_list":["post-487","post","type-post","status-publish","format-standard","hentry","category-aktualnosci"],"_links":{"self":[{"href":"https:\/\/kbkzs.pl\/index.php\/wp-json\/wp\/v2\/posts\/487","targetHints":{"allow":["GET"]}}],"collection":[{"href":"https:\/\/kbkzs.pl\/index.php\/wp-json\/wp\/v2\/posts"}],"about":[{"href":"https:\/\/kbkzs.pl\/index.php\/wp-json\/wp\/v2\/types\/post"}],"author":[{"embeddable":true,"href":"https:\/\/kbkzs.pl\/index.php\/wp-json\/wp\/v2\/users\/3"}],"replies":[{"embeddable":true,"href":"https:\/\/kbkzs.pl\/index.php\/wp-json\/wp\/v2\/comments?post=487"}],"version-history":[{"count":2,"href":"https:\/\/kbkzs.pl\/index.php\/wp-json\/wp\/v2\/posts\/487\/revisions"}],"predecessor-version":[{"id":936,"href":"https:\/\/kbkzs.pl\/index.php\/wp-json\/wp\/v2\/posts\/487\/revisions\/936"}],"wp:attachment":[{"href":"https:\/\/kbkzs.pl\/index.php\/wp-json\/wp\/v2\/media?parent=487"}],"wp:term":[{"taxonomy":"category","embeddable":true,"href":"https:\/\/kbkzs.pl\/index.php\/wp-json\/wp\/v2\/categories?post=487"},{"taxonomy":"post_tag","embeddable":true,"href":"https:\/\/kbkzs.pl\/index.php\/wp-json\/wp\/v2\/tags?post=487"}],"curies":[{"name":"wp","href":"https:\/\/api.w.org\/{rel}","templated":true}]}}