{"id":510,"date":"2022-03-24T10:23:09","date_gmt":"2022-03-24T09:23:09","guid":{"rendered":"https:\/\/kbkzs.pl\/?p=510"},"modified":"2022-11-09T09:12:50","modified_gmt":"2022-11-09T08:12:50","slug":"17-lipca-2021-roku-strzelanie-krolewskie","status":"publish","type":"post","link":"https:\/\/kbkzs.pl\/index.php\/2022\/03\/24\/17-lipca-2021-roku-strzelanie-krolewskie\/","title":{"rendered":"17 lipca 2021 roku &#8211; Strzelanie Kr\u00f3lewskie"},"content":{"rendered":"<p>Po przerwie spowodowanej pandemi\u0105 koronawirusa dzi\u0119ki uprzejmo\u015bci Kurkowego Bractwa Strzeleckie w \u015aremie, na ich strzelnicy, w dniu 17 lipca br. odby\u0142o si\u0119 strzelanie kr\u00f3lewskie Kontuszowego Bractwa Kurkowego Ziemi \u015aredzkiej. Wyniki strzelania:<\/p>\n<p>Kr\u00f3l AD 2021 \u2013 E ugeniusz Go\u0142\u0119biak<\/p>\n<p>I Rycerz\u00a0\u00a0\u00a0\u00a0\u00a0\u00a0\u00a0\u00a0\u00a0\u00a0 &#8211; W\u0142odzimierz Szaroleta<\/p>\n<p>II Rycerz\u00a0\u00a0\u00a0\u00a0\u00a0\u00a0\u00a0\u00a0\u00a0 &#8211; Wojciech Lis<\/p>\n<p>Strzelano tak\u017ce do tarczy szlacheckiej, kt\u00f3r\u0105 zdoby\u0142 Tomasz Pawlicki i tarczy charytatywnej, kt\u00f3r\u0105 zdoby\u0142 Mariusz Myszak.<\/p>\n<p style=\"text-align: left;\"><img loading=\"lazy\" decoding=\"async\" class=\"alignnone wp-image-512\" src=\"https:\/\/kbkzs.pl\/wp-content\/uploads\/2022\/03\/IMG_20210717_150545-225x300.jpg\" alt=\"\" width=\"164\" height=\"219\" \/> <img loading=\"lazy\" decoding=\"async\" class=\"wp-image-514 alignright\" src=\"https:\/\/kbkzs.pl\/wp-content\/uploads\/2022\/03\/IMG_20210717_174427-225x300.jpg\" alt=\"\" width=\"158\" height=\"211\" \/><\/p>\n<p>Wi\u0119cej zdj\u0119\u0107 w galerii.<\/p>\n","protected":false},"excerpt":{"rendered":"<p>Po przerwie spowodowanej pandemi\u0105 koronawirusa dzi\u0119ki uprzejmo\u015bci Kurkowego Bractwa Strzeleckie w \u015aremie, na ich strzelnicy, w dniu 17 lipca br. odby\u0142o si\u0119 strzelanie kr\u00f3lewskie Kontuszowego Bractwa Kurkowego Ziemi \u015aredzkiej. Wyniki strzelania: Kr\u00f3l AD 2021 \u2013 E ugeniusz Go\u0142\u0119biak I Rycerz\u00a0\u00a0\u00a0\u00a0\u00a0\u00a0\u00a0\u00a0\u00a0\u00a0 &#8211; W\u0142odzimierz Szaroleta II Rycerz\u00a0\u00a0\u00a0\u00a0\u00a0\u00a0\u00a0\u00a0\u00a0 &#8211; Wojciech Lis Strzelano tak\u017ce do tarczy szlacheckiej, kt\u00f3r\u0105 zdoby\u0142 [&hellip;]<\/p>\n","protected":false},"author":3,"featured_media":0,"comment_status":"closed","ping_status":"closed","sticky":false,"template":"","format":"standard","meta":{"_et_pb_use_builder":"","_et_pb_old_content":"","_et_gb_content_width":"","footnotes":""},"categories":[4],"tags":[],"class_list":["post-510","post","type-post","status-publish","format-standard","hentry","category-aktualnosci"],"_links":{"self":[{"href":"https:\/\/kbkzs.pl\/index.php\/wp-json\/wp\/v2\/posts\/510","targetHints":{"allow":["GET"]}}],"collection":[{"href":"https:\/\/kbkzs.pl\/index.php\/wp-json\/wp\/v2\/posts"}],"about":[{"href":"https:\/\/kbkzs.pl\/index.php\/wp-json\/wp\/v2\/types\/post"}],"author":[{"embeddable":true,"href":"https:\/\/kbkzs.pl\/index.php\/wp-json\/wp\/v2\/users\/3"}],"replies":[{"embeddable":true,"href":"https:\/\/kbkzs.pl\/index.php\/wp-json\/wp\/v2\/comments?post=510"}],"version-history":[{"count":2,"href":"https:\/\/kbkzs.pl\/index.php\/wp-json\/wp\/v2\/posts\/510\/revisions"}],"predecessor-version":[{"id":930,"href":"https:\/\/kbkzs.pl\/index.php\/wp-json\/wp\/v2\/posts\/510\/revisions\/930"}],"wp:attachment":[{"href":"https:\/\/kbkzs.pl\/index.php\/wp-json\/wp\/v2\/media?parent=510"}],"wp:term":[{"taxonomy":"category","embeddable":true,"href":"https:\/\/kbkzs.pl\/index.php\/wp-json\/wp\/v2\/categories?post=510"},{"taxonomy":"post_tag","embeddable":true,"href":"https:\/\/kbkzs.pl\/index.php\/wp-json\/wp\/v2\/tags?post=510"}],"curies":[{"name":"wp","href":"https:\/\/api.w.org\/{rel}","templated":true}]}}