{"id":617,"date":"2022-04-02T14:10:38","date_gmt":"2022-04-02T12:10:38","guid":{"rendered":"https:\/\/kbkzs.pl\/?p=617"},"modified":"2022-11-08T18:13:38","modified_gmt":"2022-11-08T17:13:38","slug":"11-marca-2022-roku-dzien-krolowej-i-dam","status":"publish","type":"post","link":"https:\/\/kbkzs.pl\/index.php\/2022\/04\/02\/11-marca-2022-roku-dzien-krolowej-i-dam\/","title":{"rendered":"11 marca 2022 roku &#8211; Dzie\u0144 Kr\u00f3lowej i Dam."},"content":{"rendered":"<p>Dnia 11 marca w Dominowie odby\u0142o si\u0119 spotkanie z okazji Dnia Kr\u00f3lowej i Dam. \u017byczenia wszystkim Damom z\u0142o\u017cy\u0142 Starszy Bractwa Marian Olejniczak. Po \u017cyczeniach Bracia wr\u0119czyli Damom r\u00f3\u017ce. U niekt\u00f3rych Dam w oczkach pojawi\u0142y si\u0119 \u0142ezki, Przy bardzo dobrym jedzeniu szybko mija\u0142 czas spotkania.<\/p>\n<p><strong>\u017byczenia Starczego Bractwa Mariana Olejniczaka:<\/strong><\/p>\n<p>Witam wszystkich na naszej uroczysto\u015bci z okazji Dnia Kr\u00f3lowej i Dam.<\/p>\n<p>Najukocha\u0144sze Damy.<\/p>\n<p>Codziennie patrzymy na Was, rano jak wstajecie, wieczorem jak k\u0142adziecie si\u0119 zm\u0119czone do snu. Z czasem te chwile staj\u0105 si\u0119 tak powszechne, \u017ce prawie ich nie zauwa\u017camy. Po drodze w\u015br\u00f3d \u017cyciowego g\u0105szczu spraw pami\u0119tamy o Waszych imieninach, urodzinach, Dniu takim jak dzisiejszy b\u0105d\u017a te\u017c o innych rodzinnych \u015bwi\u0119tach. P\u0119dzimy wszyscy ku swojemu przeznaczeniu nie zdaj\u0105c sobie sprawy z tego, \u017ce ka\u017cda chwila bez Was jest chwil\u0105 stracon\u0105. Czas wi\u0119c na inne spojrzenie codzienno\u015bci, gdzie nie jeste\u015bcie obok nas ale z Nami, gdzie My tak\u017ce chcemy by\u0107 nie obok Was ale i z Wami.<\/p>\n<p>Mi\u0142y Bracie.<\/p>\n<p>Jak by\u0142e\u015b ch\u0142opcem, potem m\u0142odzie\u0144cem takim ju\u017c prawie kawalerem, kierowa\u0142e\u015b wzrok na pi\u0119kno\u015bci tego \u015bwiata i marzy\u0142e\u015b o wielkiej mi\u0142o\u015bci. Takiej prawdziwej, wspania\u0142ej, romantycznej z T\u0105 jedn\u0105 jedyn\u0105. I jak wida\u0107 po tu obecnych marzenia si\u0119 spe\u0142ni\u0142y. Jednym w latach m\u0142odo\u015bci a innym troch\u0119 p\u00f3\u017aniej po przej\u015bciu po wielu \u017cyciowych schodach.<\/p>\n<p>Kochane Panie. Dzisiaj patrzymy w Wasze oczy te najpi\u0119kniejsze, jedyne na \u015bwiecie, na usta jak korale, kt\u00f3rych w \u017cyciowym p\u0119dzie dawno nie ca\u0142owano w m\u0142odzie\u0144czy nami\u0119tny spos\u00f3b. Od dzisiaj kochany Bracie r\u00f3b to cz\u0119\u015bciej bo \u017cycie wodospadem sp\u0142ywa i \u017cadna chwila nie wr\u00f3ci. I chocia\u017c nie pokazujemy tego na co dzie\u0144 kochamy Was Nasze Damy nad w\u0142asne \u017cycie, bo ka\u017cda z Was jest ta jedyna, wymarzona, najukocha\u0144sza, najlepsza, najwspanialsza. Ka\u017cda z Was pachnie dla ka\u017cdego z nas ulubionym kwiatem, chodzi jak supermodelka, u\u015bmiecha si\u0119 promieniem s\u0142o\u0144ca i patrzy na \u015bwiat wiatrem spokojnej przysz\u0142o\u015bci.<\/p>\n<p>Mamy szcz\u0119\u015bcie Panowie bo obok nas siedz\u0105 spe\u0142nione marzenia. Kochajmy Je dalej tak gor\u0105co i szczerze, kochajmy ka\u017cdego poranka, za dnia, wieczorem i w nocy. Kochajmy bo nie ma nic wspanialszego ni\u017c One z Nami. Da\u0142y nam swoj\u0105 mi\u0142o\u015b\u0107, domowe zacisze i wspania\u0142e dzieci. Dzi\u0119kujemy Wam z ca\u0142ego serca a ta r\u00f3\u017ca niech b\u0119dzie symbolem naszej mi\u0142o\u015bci. Niech nam \u017cyj\u0105 Sto Lat.<\/p>\n<p>&nbsp;<\/p>\n<p><img loading=\"lazy\" decoding=\"async\" class=\"alignnone size-medium wp-image-620\" src=\"https:\/\/kbkzs.pl\/wp-content\/uploads\/2022\/04\/IMG_20220311_195249-300x225.jpg\" alt=\"\" width=\"300\" height=\"225\" \/><\/p>\n","protected":false},"excerpt":{"rendered":"<p>Dnia 11 marca w Dominowie odby\u0142o si\u0119 spotkanie z okazji Dnia Kr\u00f3lowej i Dam. \u017byczenia wszystkim Damom z\u0142o\u017cy\u0142 Starszy Bractwa Marian Olejniczak. Po \u017cyczeniach Bracia wr\u0119czyli Damom r\u00f3\u017ce. U niekt\u00f3rych Dam w oczkach pojawi\u0142y si\u0119 \u0142ezki, Przy bardzo dobrym jedzeniu szybko mija\u0142 czas spotkania. \u017byczenia Starczego Bractwa Mariana Olejniczaka: Witam wszystkich na naszej uroczysto\u015bci z [&hellip;]<\/p>\n","protected":false},"author":3,"featured_media":0,"comment_status":"closed","ping_status":"closed","sticky":false,"template":"","format":"standard","meta":{"_et_pb_use_builder":"","_et_pb_old_content":"","_et_gb_content_width":"","footnotes":""},"categories":[4],"tags":[],"class_list":["post-617","post","type-post","status-publish","format-standard","hentry","category-aktualnosci"],"_links":{"self":[{"href":"https:\/\/kbkzs.pl\/index.php\/wp-json\/wp\/v2\/posts\/617","targetHints":{"allow":["GET"]}}],"collection":[{"href":"https:\/\/kbkzs.pl\/index.php\/wp-json\/wp\/v2\/posts"}],"about":[{"href":"https:\/\/kbkzs.pl\/index.php\/wp-json\/wp\/v2\/types\/post"}],"author":[{"embeddable":true,"href":"https:\/\/kbkzs.pl\/index.php\/wp-json\/wp\/v2\/users\/3"}],"replies":[{"embeddable":true,"href":"https:\/\/kbkzs.pl\/index.php\/wp-json\/wp\/v2\/comments?post=617"}],"version-history":[{"count":3,"href":"https:\/\/kbkzs.pl\/index.php\/wp-json\/wp\/v2\/posts\/617\/revisions"}],"predecessor-version":[{"id":640,"href":"https:\/\/kbkzs.pl\/index.php\/wp-json\/wp\/v2\/posts\/617\/revisions\/640"}],"wp:attachment":[{"href":"https:\/\/kbkzs.pl\/index.php\/wp-json\/wp\/v2\/media?parent=617"}],"wp:term":[{"taxonomy":"category","embeddable":true,"href":"https:\/\/kbkzs.pl\/index.php\/wp-json\/wp\/v2\/categories?post=617"},{"taxonomy":"post_tag","embeddable":true,"href":"https:\/\/kbkzs.pl\/index.php\/wp-json\/wp\/v2\/tags?post=617"}],"curies":[{"name":"wp","href":"https:\/\/api.w.org\/{rel}","templated":true}]}}