{"id":658,"date":"2022-05-05T18:18:32","date_gmt":"2022-05-05T16:18:32","guid":{"rendered":"https:\/\/kbkzs.pl\/?p=658"},"modified":"2022-11-04T18:18:21","modified_gmt":"2022-11-04T17:18:21","slug":"03-maja-2022-roku-obchody-swieta-konstytucji","status":"publish","type":"post","link":"https:\/\/kbkzs.pl\/index.php\/2022\/05\/05\/03-maja-2022-roku-obchody-swieta-konstytucji\/","title":{"rendered":"03 maja 2022 roku &#8211; Obchody \u015awi\u0119ta Konstytucji"},"content":{"rendered":"<p><strong>W dniu 3 maja tego roku z\u00a0okazji Narodowego \u015awi\u0119ta Uchwalenia Konstytucji 3 Maja przed po\u0142udniem w\u00a0naszym mie\u015bcie odby\u0142y si\u0119 uroczysto\u015bci rocznicowe zwi\u0105zane <\/strong><strong>z\u00a0uchwaleniem Konstytucji. <\/strong>\u015aredzkie obchody Narodowego \u015awi\u0119ta Uchwalenia Konstytucji 3 Maja \u2013 pierwszego takiego dokumentu w\u00a0Europie i\u00a0drugiego po konstytucji ameryka\u0144skiej na \u015bwiecie rozpocz\u0119\u0142y si\u0119 o\u00a0godzinie 10.00 Msz\u0105 \u015awi\u0119t\u0105 w\u00a0intencji Ojczyzny w\u00a0Kolegiacie \u015aredzkiej. Przypomnijmy, \u017ce \u015bwi\u0119to 3 maja poza swoim wymiarem patriotycznym posiada tak\u017ce wymiar \u015bci\u015ble religijny. Tego dnia Ko\u015bci\u00f3\u0142 Katolicki w\u00a0Polsce obchodzi uroczysto\u015b\u0107 NMP Kr\u00f3lowej Polski. Po Mszy jej uczestnicy, a\u00a0wi\u0119c w\u0142adze samorz\u0105dowe Gminy \u015aroda Wielkopolska i\u00a0Powiatu \u015aredzkiego, poczty sztandarowe, przedstawiciele r\u00f3\u017cnych organizacji i\u00a0stowarzysze\u0144, m\u0142odzie\u017c szkolna, przy akompaniamencie \u015bredzkiej Orkiestry OSP przemaszerowa\u0142y pod pomnik gen. Jana Henryka D\u0105browskiego gdzie z\u0142o\u017cone zosta\u0142y okoliczno\u015bciowe wi\u0105zanki kwiat\u00f3w. Nie mog\u0142o oczywi\u015bcie zabrakn\u0105\u0107 na tych uroczysto\u015bciach naszego Bractwa.<\/p>\n<p><img loading=\"lazy\" decoding=\"async\" class=\"alignnone size-medium wp-image-867\" src=\"https:\/\/kbkzs.pl\/wp-content\/uploads\/2022\/10\/1665763780541-300x138.jpg\" alt=\"\" width=\"300\" height=\"138\" \/> <img loading=\"lazy\" decoding=\"async\" class=\"alignnone size-medium wp-image-869\" src=\"https:\/\/kbkzs.pl\/wp-content\/uploads\/2022\/10\/1665763780563-300x138.jpg\" alt=\"\" width=\"300\" height=\"138\" \/> <img loading=\"lazy\" decoding=\"async\" class=\"alignnone size-medium wp-image-870\" src=\"https:\/\/kbkzs.pl\/wp-content\/uploads\/2022\/10\/IMG_8760-300x200.jpg\" alt=\"\" width=\"300\" height=\"200\" \/><\/p>\n","protected":false},"excerpt":{"rendered":"<p>W dniu 3 maja tego roku z\u00a0okazji Narodowego \u015awi\u0119ta Uchwalenia Konstytucji 3 Maja przed po\u0142udniem w\u00a0naszym mie\u015bcie odby\u0142y si\u0119 uroczysto\u015bci rocznicowe zwi\u0105zane z\u00a0uchwaleniem Konstytucji. \u015aredzkie obchody Narodowego \u015awi\u0119ta Uchwalenia Konstytucji 3 Maja \u2013 pierwszego takiego dokumentu w\u00a0Europie i\u00a0drugiego po konstytucji ameryka\u0144skiej na \u015bwiecie rozpocz\u0119\u0142y si\u0119 o\u00a0godzinie 10.00 Msz\u0105 \u015awi\u0119t\u0105 w\u00a0intencji Ojczyzny w\u00a0Kolegiacie \u015aredzkiej. Przypomnijmy, \u017ce [&hellip;]<\/p>\n","protected":false},"author":3,"featured_media":0,"comment_status":"closed","ping_status":"closed","sticky":false,"template":"","format":"standard","meta":{"_et_pb_use_builder":"","_et_pb_old_content":"","_et_gb_content_width":"","footnotes":""},"categories":[4],"tags":[],"class_list":["post-658","post","type-post","status-publish","format-standard","hentry","category-aktualnosci"],"_links":{"self":[{"href":"https:\/\/kbkzs.pl\/index.php\/wp-json\/wp\/v2\/posts\/658","targetHints":{"allow":["GET"]}}],"collection":[{"href":"https:\/\/kbkzs.pl\/index.php\/wp-json\/wp\/v2\/posts"}],"about":[{"href":"https:\/\/kbkzs.pl\/index.php\/wp-json\/wp\/v2\/types\/post"}],"author":[{"embeddable":true,"href":"https:\/\/kbkzs.pl\/index.php\/wp-json\/wp\/v2\/users\/3"}],"replies":[{"embeddable":true,"href":"https:\/\/kbkzs.pl\/index.php\/wp-json\/wp\/v2\/comments?post=658"}],"version-history":[{"count":3,"href":"https:\/\/kbkzs.pl\/index.php\/wp-json\/wp\/v2\/posts\/658\/revisions"}],"predecessor-version":[{"id":871,"href":"https:\/\/kbkzs.pl\/index.php\/wp-json\/wp\/v2\/posts\/658\/revisions\/871"}],"wp:attachment":[{"href":"https:\/\/kbkzs.pl\/index.php\/wp-json\/wp\/v2\/media?parent=658"}],"wp:term":[{"taxonomy":"category","embeddable":true,"href":"https:\/\/kbkzs.pl\/index.php\/wp-json\/wp\/v2\/categories?post=658"},{"taxonomy":"post_tag","embeddable":true,"href":"https:\/\/kbkzs.pl\/index.php\/wp-json\/wp\/v2\/tags?post=658"}],"curies":[{"name":"wp","href":"https:\/\/api.w.org\/{rel}","templated":true}]}}