{"id":841,"date":"2022-10-20T20:28:56","date_gmt":"2022-10-20T18:28:56","guid":{"rendered":"https:\/\/kbkzs.pl\/?p=841"},"modified":"2022-11-04T18:46:52","modified_gmt":"2022-11-04T17:46:52","slug":"20-pazdziernika-2022-roku-83-rocznica-rozstrzelania-polakow-w-srodzie-wlkp","status":"publish","type":"post","link":"https:\/\/kbkzs.pl\/index.php\/2022\/10\/20\/20-pazdziernika-2022-roku-83-rocznica-rozstrzelania-polakow-w-srodzie-wlkp\/","title":{"rendered":"20 pa\u017adziernika 2022 roku &#8211; 83 rocznica rozstrzelania Polak\u00f3w w \u015arodzie Wlkp."},"content":{"rendered":"<p>Na zaproszenie \u015aredzkiego Towarzystwa Kulturalnego 20 pa\u017adziernika 2022 roku wzi\u0119li\u015bmy udzia\u0142 w obchodach\u00a0 upami\u0119tniaj\u0105cych rozstrzelanie na Starym Rynku przez hitlerowc\u00f3w mieszka\u0144c\u00f3w ziemi \u015bredzkiej. W trakcie obchod\u00f3w Pani Prezes \u015aTK Bo\u017cenna Urba\u0144ska przypomnia\u0142a zebranym wydarzenia, jakie mia\u0142y miejsce tego tragicznego dnia 1939 roku. Nast\u0119pnie odczytano apel poleg\u0142ych, zapalono znicze i z\u0142o\u017cono wi\u0105zanki kwiat\u00f3w. W obchodach wzi\u0119\u0142y udzia\u0142 delegacje w\u0142adz samorz\u0105dowych, zak\u0142ad\u00f3w pracy, organizacji, stowarzysze\u0144 i szk\u00f3\u0142.<\/p>\n<p><img loading=\"lazy\" decoding=\"async\" class=\"alignnone wp-image-842\" src=\"https:\/\/kbkzs.pl\/wp-content\/uploads\/2022\/11\/IMG_0474-300x200.jpg\" alt=\"\" width=\"215\" height=\"143\" \/> <img loading=\"lazy\" decoding=\"async\" class=\"alignnone wp-image-843\" src=\"https:\/\/kbkzs.pl\/wp-content\/uploads\/2022\/11\/IMG_0476-300x200.jpg\" alt=\"\" width=\"216\" height=\"144\" \/><\/p>\n","protected":false},"excerpt":{"rendered":"<p>Na zaproszenie \u015aredzkiego Towarzystwa Kulturalnego 20 pa\u017adziernika 2022 roku wzi\u0119li\u015bmy udzia\u0142 w obchodach\u00a0 upami\u0119tniaj\u0105cych rozstrzelanie na Starym Rynku przez hitlerowc\u00f3w mieszka\u0144c\u00f3w ziemi \u015bredzkiej. W trakcie obchod\u00f3w Pani Prezes \u015aTK Bo\u017cenna Urba\u0144ska przypomnia\u0142a zebranym wydarzenia, jakie mia\u0142y miejsce tego tragicznego dnia 1939 roku. Nast\u0119pnie odczytano apel poleg\u0142ych, zapalono znicze i z\u0142o\u017cono wi\u0105zanki kwiat\u00f3w. W obchodach wzi\u0119\u0142y [&hellip;]<\/p>\n","protected":false},"author":3,"featured_media":0,"comment_status":"closed","ping_status":"closed","sticky":false,"template":"","format":"standard","meta":{"_et_pb_use_builder":"","_et_pb_old_content":"","_et_gb_content_width":"","footnotes":""},"categories":[4],"tags":[],"class_list":["post-841","post","type-post","status-publish","format-standard","hentry","category-aktualnosci"],"_links":{"self":[{"href":"https:\/\/kbkzs.pl\/index.php\/wp-json\/wp\/v2\/posts\/841","targetHints":{"allow":["GET"]}}],"collection":[{"href":"https:\/\/kbkzs.pl\/index.php\/wp-json\/wp\/v2\/posts"}],"about":[{"href":"https:\/\/kbkzs.pl\/index.php\/wp-json\/wp\/v2\/types\/post"}],"author":[{"embeddable":true,"href":"https:\/\/kbkzs.pl\/index.php\/wp-json\/wp\/v2\/users\/3"}],"replies":[{"embeddable":true,"href":"https:\/\/kbkzs.pl\/index.php\/wp-json\/wp\/v2\/comments?post=841"}],"version-history":[{"count":1,"href":"https:\/\/kbkzs.pl\/index.php\/wp-json\/wp\/v2\/posts\/841\/revisions"}],"predecessor-version":[{"id":844,"href":"https:\/\/kbkzs.pl\/index.php\/wp-json\/wp\/v2\/posts\/841\/revisions\/844"}],"wp:attachment":[{"href":"https:\/\/kbkzs.pl\/index.php\/wp-json\/wp\/v2\/media?parent=841"}],"wp:term":[{"taxonomy":"category","embeddable":true,"href":"https:\/\/kbkzs.pl\/index.php\/wp-json\/wp\/v2\/categories?post=841"},{"taxonomy":"post_tag","embeddable":true,"href":"https:\/\/kbkzs.pl\/index.php\/wp-json\/wp\/v2\/tags?post=841"}],"curies":[{"name":"wp","href":"https:\/\/api.w.org\/{rel}","templated":true}]}}