{"id":978,"date":"2022-12-13T19:50:02","date_gmt":"2022-12-13T18:50:02","guid":{"rendered":"https:\/\/kbkzs.pl\/?p=978"},"modified":"2022-12-13T19:50:43","modified_gmt":"2022-12-13T18:50:43","slug":"10-grudnia-2022-spotkanie-oplatkowe","status":"publish","type":"post","link":"https:\/\/kbkzs.pl\/index.php\/2022\/12\/13\/10-grudnia-2022-spotkanie-oplatkowe\/","title":{"rendered":"10 grudnia 2022 &#8211; Spotkanie op\u0142atkowe"},"content":{"rendered":"<p>Tradycyjne Spotkanie Op\u0142atkowe poprzedzone zosta\u0142o Msz\u0105 \u015awi\u0119t\u0105 w Ko\u015bciele\u00a0 \u015bw. Micha\u0142a Archanio\u0142a w Winnej G\u00f3rze o godz.18,00, kt\u00f3r\u0105 odprawi\u0142 kapelan Bractwa ks. Tomasz Kubacki. \u00a0Kontynuacja spotkania odby\u0142a si\u0119 w \u015bwietlicy wiejskiej w Winnej G\u00f3rze. Tegoroczne spotkanie zaszczycili swoj\u0105 obecno\u015bci\u0105: radna Sejmiku Wojew\u00f3dztwa Wielkopolskiego Krystyna Kubicka Sztul, Wiceburmistrz Miasta \u015aroda Wielkopolska Maria Mieszczak, So\u0142tys So\u0142ectwa Winna G\u00f3ra Maria Pruska. Na wst\u0119pnie g\u0142os zabra\u0142 Starszy Bractwa Marian Olejniczak sk\u0142adaj\u0105c zebranym \u017cyczenia \u015bwi\u0105teczne, a nast\u0119pnie wszyscy podzielili si\u0119 op\u0142atkiem. W mi\u0142ej atmosferze przy tradycyjnym karpiu szybko min\u0105\u0142 czas spotkania.<\/p>\n<p><img loading=\"lazy\" decoding=\"async\" class=\"alignnone wp-image-979\" src=\"https:\/\/kbkzs.pl\/wp-content\/uploads\/2022\/12\/1670862835822-300x225.jpg\" alt=\"\" width=\"224\" height=\"168\" \/> <img loading=\"lazy\" decoding=\"async\" class=\"alignnone wp-image-980\" src=\"https:\/\/kbkzs.pl\/wp-content\/uploads\/2022\/12\/1670862835829-300x225.jpg\" alt=\"\" width=\"220\" height=\"165\" \/> <img loading=\"lazy\" decoding=\"async\" class=\"alignnone wp-image-981\" src=\"https:\/\/kbkzs.pl\/wp-content\/uploads\/2022\/12\/1670862835833-300x225.jpg\" alt=\"\" width=\"288\" height=\"216\" \/><\/p>\n","protected":false},"excerpt":{"rendered":"<p>Tradycyjne Spotkanie Op\u0142atkowe poprzedzone zosta\u0142o Msz\u0105 \u015awi\u0119t\u0105 w Ko\u015bciele\u00a0 \u015bw. Micha\u0142a Archanio\u0142a w Winnej G\u00f3rze o godz.18,00, kt\u00f3r\u0105 odprawi\u0142 kapelan Bractwa ks. Tomasz Kubacki. \u00a0Kontynuacja spotkania odby\u0142a si\u0119 w \u015bwietlicy wiejskiej w Winnej G\u00f3rze. Tegoroczne spotkanie zaszczycili swoj\u0105 obecno\u015bci\u0105: radna Sejmiku Wojew\u00f3dztwa Wielkopolskiego Krystyna Kubicka Sztul, Wiceburmistrz Miasta \u015aroda Wielkopolska Maria Mieszczak, So\u0142tys So\u0142ectwa Winna [&hellip;]<\/p>\n","protected":false},"author":3,"featured_media":0,"comment_status":"closed","ping_status":"closed","sticky":false,"template":"","format":"standard","meta":{"_et_pb_use_builder":"","_et_pb_old_content":"","_et_gb_content_width":"","footnotes":""},"categories":[4],"tags":[],"class_list":["post-978","post","type-post","status-publish","format-standard","hentry","category-aktualnosci"],"_links":{"self":[{"href":"https:\/\/kbkzs.pl\/index.php\/wp-json\/wp\/v2\/posts\/978","targetHints":{"allow":["GET"]}}],"collection":[{"href":"https:\/\/kbkzs.pl\/index.php\/wp-json\/wp\/v2\/posts"}],"about":[{"href":"https:\/\/kbkzs.pl\/index.php\/wp-json\/wp\/v2\/types\/post"}],"author":[{"embeddable":true,"href":"https:\/\/kbkzs.pl\/index.php\/wp-json\/wp\/v2\/users\/3"}],"replies":[{"embeddable":true,"href":"https:\/\/kbkzs.pl\/index.php\/wp-json\/wp\/v2\/comments?post=978"}],"version-history":[{"count":2,"href":"https:\/\/kbkzs.pl\/index.php\/wp-json\/wp\/v2\/posts\/978\/revisions"}],"predecessor-version":[{"id":983,"href":"https:\/\/kbkzs.pl\/index.php\/wp-json\/wp\/v2\/posts\/978\/revisions\/983"}],"wp:attachment":[{"href":"https:\/\/kbkzs.pl\/index.php\/wp-json\/wp\/v2\/media?parent=978"}],"wp:term":[{"taxonomy":"category","embeddable":true,"href":"https:\/\/kbkzs.pl\/index.php\/wp-json\/wp\/v2\/categories?post=978"},{"taxonomy":"post_tag","embeddable":true,"href":"https:\/\/kbkzs.pl\/index.php\/wp-json\/wp\/v2\/tags?post=978"}],"curies":[{"name":"wp","href":"https:\/\/api.w.org\/{rel}","templated":true}]}}